{"id":2513,"date":"2021-05-09T11:36:00","date_gmt":"2021-05-09T11:36:00","guid":{"rendered":"https:\/\/qsl.cat\/programa-bcn-interculturalitat\/"},"modified":"2022-12-20T10:52:13","modified_gmt":"2022-12-20T10:52:13","slug":"programa-bcn-interculturalidad-2","status":"publish","type":"post","link":"https:\/\/qsl.cat\/es\/programa-bcn-interculturalidad-2\/","title":{"rendered":"Programa BCN Interculturalidad"},"content":{"rendered":"<style>#kt-layout-id_382a3a-0a{margin-bottom:0px;}#kt-layout-id_382a3a-0a > .kt-row-column-wrap{align-content:end;}:where(#kt-layout-id_382a3a-0a > .kt-row-column-wrap) > .wp-block-kadence-column{justify-content:end;}#kt-layout-id_382a3a-0a > .kt-row-column-wrap{column-gap:var(--global-kb-gap-md, 2rem);row-gap:var(--global-kb-gap-md, 2rem);max-width:1240px;margin-left:auto;margin-right:auto;padding-top:var( --global-kb-row-default-top, 25px );padding-bottom:var( --global-kb-row-default-bottom, 25px );padding-top:200px;padding-bottom:60px;min-height:322px;grid-template-columns:minmax(0, 1fr);}#kt-layout-id_382a3a-0a{background-color:#088c8e;}#kt-layout-id_382a3a-0a > .kt-row-layout-overlay{opacity:0.30;}@media all and (max-width: 1024px){#kt-layout-id_382a3a-0a > .kt-row-column-wrap{grid-template-columns:minmax(0, 1fr);}}@media all and (max-width: 767px){#kt-layout-id_382a3a-0a > .kt-row-column-wrap{grid-template-columns:minmax(0, 1fr);}}<\/style>\n<div class=\"wp-block-kadence-rowlayout alignfull header-interior\"><div id=\"kt-layout-id_382a3a-0a\" class=\"kt-row-layout-inner kt-row-has-bg kt-layout-id_382a3a-0a\"><div class=\"kt-row-column-wrap kt-has-1-columns kt-gutter-default kt-v-gutter-default kt-row-valign-bottom kt-row-layout-equal kt-tab-layout-inherit kt-m-colapse-left-to-right kt-mobile-layout-row\"><style>.kadence-column_8be2cc-98 > .kt-inside-inner-col{border-top-width:0px;border-right-width:0px;border-bottom-width:0px;border-left-width:0px;}.kadence-column_8be2cc-98 > .kt-inside-inner-col,.kadence-column_8be2cc-98 > .kt-inside-inner-col:before{border-top-left-radius:0px;border-top-right-radius:0px;border-bottom-right-radius:0px;border-bottom-left-radius:0px;}.kadence-column_8be2cc-98 > .kt-inside-inner-col{column-gap:var(--global-kb-gap-sm, 1rem);}.kadence-column_8be2cc-98 > .kt-inside-inner-col{flex-direction:column;}.kadence-column_8be2cc-98 > .kt-inside-inner-col > .aligncenter{width:100%;}.kadence-column_8be2cc-98 > .kt-inside-inner-col:before{opacity:0.3;}.kadence-column_8be2cc-98{position:relative;}@media all and (max-width: 1024px){.kadence-column_8be2cc-98 > .kt-inside-inner-col{flex-direction:column;justify-content:center;}}@media all and (max-width: 767px){.kadence-column_8be2cc-98 > .kt-inside-inner-col{flex-direction:column;justify-content:center;}}<\/style>\n<div class=\"wp-block-kadence-column inner-column-1 kadence-column_8be2cc-98 header-post\"><div class=\"kt-inside-inner-col\">\n<p class=\"etiqueta-titol-post has-white-color has-text-color\"><a href=\"https:\/\/qsl.cat\/projectes\/\" class=\"ek-link\">Projectes<\/a><\/p>\n\n\n\n<\/div><\/div>\n<\/div><\/div><\/div>\n\n\n<style>#kt-layout-id_090d07-df{margin-bottom:0px;}#kt-layout-id_090d07-df > .kt-row-column-wrap{align-content:start;}:where(#kt-layout-id_090d07-df > .kt-row-column-wrap) > .wp-block-kadence-column{justify-content:start;}#kt-layout-id_090d07-df > .kt-row-column-wrap{column-gap:40px;row-gap:var(--global-kb-gap-md, 2rem);max-width:1240px;margin-left:auto;margin-right:auto;padding-top:var( --global-kb-row-default-top, 25px );padding-bottom:var( --global-kb-row-default-bottom, 25px );padding-top:95px;padding-bottom:0px;grid-template-columns:minmax(0, 2fr) minmax(0, 1fr);}#kt-layout-id_090d07-df > .kt-row-layout-overlay{opacity:0.30;}@media all and (max-width: 1024px){#kt-layout-id_090d07-df > .kt-row-column-wrap{grid-template-columns:minmax(0, 2fr) minmax(0, 1fr);}}@media all and (max-width: 767px){#kt-layout-id_090d07-df > .kt-row-column-wrap{grid-template-columns:minmax(0, 1fr);}}<\/style>\n<div class=\"wp-block-kadence-rowlayout alignfull container-subhome subhome-projectes post\"><div id=\"kt-layout-id_090d07-df\" class=\"kt-row-layout-inner kt-row-has-bg kt-layout-id_090d07-df has-white-background-color\"><div class=\"kt-row-column-wrap kt-has-2-columns kt-gutter-wide kt-v-gutter-default kt-row-valign-top kt-row-layout-left-golden kt-tab-layout-left-golden kt-m-colapse-left-to-right kt-mobile-layout-row\"><style>.kadence-column_4b0d0c-7d > .kt-inside-inner-col{border-top-width:0px;border-right-width:0px;border-bottom-width:0px;border-left-width:0px;}.kadence-column_4b0d0c-7d > .kt-inside-inner-col,.kadence-column_4b0d0c-7d > .kt-inside-inner-col:before{border-top-left-radius:0px;border-top-right-radius:0px;border-bottom-right-radius:0px;border-bottom-left-radius:0px;}.kadence-column_4b0d0c-7d > .kt-inside-inner-col{column-gap:var(--global-kb-gap-sm, 1rem);}.kadence-column_4b0d0c-7d > .kt-inside-inner-col{flex-direction:column;}.kadence-column_4b0d0c-7d > .kt-inside-inner-col > .aligncenter{width:100%;}.kadence-column_4b0d0c-7d > .kt-inside-inner-col:before{opacity:0.3;}.kadence-column_4b0d0c-7d{position:relative;}@media all and (max-width: 1024px){.kadence-column_4b0d0c-7d > .kt-inside-inner-col{flex-direction:column;justify-content:center;}}@media all and (max-width: 767px){.kadence-column_4b0d0c-7d > .kt-inside-inner-col{flex-direction:column;justify-content:center;}}<\/style>\n<div class=\"wp-block-kadence-column inner-column-1 kadence-column_4b0d0c-7d article\"><div class=\"kt-inside-inner-col\">\n<figure class=\"wp-block-image size-large\"><img decoding=\"async\" width=\"1024\" height=\"385\" src=\"https:\/\/qsl.cat\/wp-content\/uploads\/2021\/05\/49-PROGBI-1024x385.png\" alt=\"Programa BCN Interculturalidad\" class=\"wp-image-2255\"\/><\/figure>\n\n\n<style>.wp-block-kadence-advancedheading.kt-adv-heading_55ac14-3d, .wp-block-kadence-advancedheading.kt-adv-heading_55ac14-3d[data-kb-block=\"kb-adv-heading_55ac14-3d\"]{font-style:normal;}.wp-block-kadence-advancedheading.kt-adv-heading_55ac14-3d mark.kt-highlight, .wp-block-kadence-advancedheading.kt-adv-heading_55ac14-3d[data-kb-block=\"kb-adv-heading_55ac14-3d\"] mark.kt-highlight{font-style:normal;color:#f76a0c;-webkit-box-decoration-break:clone;box-decoration-break:clone;padding-top:0px;padding-right:0px;padding-bottom:0px;padding-left:0px;}.wp-block-kadence-advancedheading.kt-adv-heading_55ac14-3d img.kb-inline-image, .wp-block-kadence-advancedheading.kt-adv-heading_55ac14-3d[data-kb-block=\"kb-adv-heading_55ac14-3d\"] img.kb-inline-image{width:150px;vertical-align:baseline;}<\/style>\n<h5 class=\"kt-adv-heading_55ac14-3d wp-block-kadence-advancedheading\" data-kb-block=\"kb-adv-heading_55ac14-3d\">Descripci\u00f3n<\/h5>\n\n\n\n<p>El <a href=\"https:\/\/ajuntament.barcelona.cat\/bcnacciointercultural\/es\/\" class=\"ek-link\" target=\"_blank\" rel=\"noopener\">Programa BCN Interculturalidad<\/a> es un programa impulsado por el \u00c1rea de Cultura, Educaci\u00f3n, Ciencia y Comunidad,y tiene la misi\u00f3n de promover la incorporaci\u00f3n del enfoque intercultural en las pol\u00edticas p\u00fablicas del Ayuntamiento de Barcelona y de impulsar acciones, en colaboraci\u00f3n con otros actores, en los \u00e1mbitos de ciudad, de distrito y de barrio, en el marco de los principios de la interculturalidad: reconocimiento de la diversidad, igualdad de derechos y equidad, e interacci\u00f3n positiva \/ di\u00e1logo intercultural. Incluye diferentes l\u00edneas estrat\u00e9gicas de trabajo: Impulsamos la interculturalidad (que trabaja para la territorializaci\u00f3n de la estrategia intercultural), Espai Aviny\u00f3 Lengua y Cultura, Estrategia Barcelona Antirumores (Red BCN Antirumores y cat\u00e1logo de actividades Antirumores), Comunicaci\u00f3n intercultural y Formaci\u00f3n en perspectiva intercultural, entre otros.<\/p>\n\n\n\n<p>QSL gestiona el Programa desde el a\u00f1o 2012, y es uno los programas de referencia a nivel europeo en el trabajo municipal por un modelo interculturalista de convivencia.<\/p>\n<\/div><\/div>\n\n\n<style>.kadence-column_ffacc3-41 > .kt-inside-inner-col{border-top-width:0px;border-right-width:0px;border-bottom-width:0px;border-left-width:0px;}.kadence-column_ffacc3-41 > .kt-inside-inner-col,.kadence-column_ffacc3-41 > .kt-inside-inner-col:before{border-top-left-radius:0px;border-top-right-radius:0px;border-bottom-right-radius:0px;border-bottom-left-radius:0px;}.kadence-column_ffacc3-41 > .kt-inside-inner-col{column-gap:var(--global-kb-gap-sm, 1rem);}.kadence-column_ffacc3-41 > .kt-inside-inner-col{flex-direction:column;}.kadence-column_ffacc3-41 > .kt-inside-inner-col > .aligncenter{width:100%;}.kadence-column_ffacc3-41 > .kt-inside-inner-col:before{opacity:0.3;}.kadence-column_ffacc3-41{position:relative;}@media all and (max-width: 1024px){.kadence-column_ffacc3-41 > .kt-inside-inner-col{flex-direction:column;justify-content:center;}}@media all and (max-width: 767px){.kadence-column_ffacc3-41 > .kt-inside-inner-col{flex-direction:column;justify-content:center;}}<\/style>\n<div class=\"wp-block-kadence-column inner-column-2 kadence-column_ffacc3-41 sidebar\"><div class=\"kt-inside-inner-col\">\n<p class=\"titol--1\">\u00c1mbitos<\/p>\n\n\n<p class=\"titol--1\">Servicios<\/p>\n\n\n\n\n<p class=\"titol--2\">Para<\/p>\n\n\n\n<ul class=\"is-style-none links wp-block-list\" style=\"color:#088c8e\">\n<li><a href=\"https:\/\/ajuntament.barcelona.cat\/culturaieducacio\/ca\" target=\"_blank\" rel=\"noopener\">Ajuntament de Barcelona<\/a><\/li>\n<\/ul>\n\n\n\n<p class=\"titol--2\">M\u00e1s informaci\u00f3n<\/p>\n\n\n\n<ul class=\"is-style-none links wp-block-list\" style=\"color:#088c8e\">\n<li><a rel=\"noreferrer noopener\" href=\"https:\/\/ajuntament.barcelona.cat\/ccivics\/casagroga\" target=\"_blank\" class=\"ek-link\"><\/a><a href=\"https:\/\/ajuntament.barcelona.cat\/bcnacciointercultural\/ca\" target=\"_blank\" rel=\"noopener\">Programa BCN Interculturalitat<\/a><\/li>\n\n\n\n<li><a href=\"https:\/\/ajuntament.barcelona.cat\/bcnacciointercultural\/ca\/espai-avinyo\/programacio\" class=\"ek-link\" target=\"_blank\" rel=\"noopener\">Espai Aviny\u00f3<\/a><\/li>\n<\/ul>\n\n\n<\/div><\/div>\n<\/div><\/div><\/div>\n","protected":false},"excerpt":{"rendered":"<p>El Programa BCN Interculturalidad tiene la misi\u00f3n de promover la incorporaci\u00f3n del enfoque intercultural en las pol\u00edticas p\u00fablicas del Ayuntamiento de Barcelona.<\/p>\n","protected":false},"author":5,"featured_media":2256,"comment_status":"closed","ping_status":"closed","sticky":false,"template":"","format":"standard","meta":{"_editorskit_title_hidden":false,"_editorskit_reading_time":1,"_editorskit_is_block_options_detached":false,"_editorskit_block_options_position":"{}","inline_featured_image":false,"_kad_blocks_custom_css":"","_kad_blocks_head_custom_js":"","_kad_blocks_body_custom_js":"","_kad_blocks_footer_custom_js":"","footnotes":""},"categories":[44,57,59,60,63,76,77],"tags":[83],"sp_smart_badges":[],"class_list":{"0":"post-2513","1":"post","2":"type-post","3":"status-publish","4":"format-standard","5":"has-post-thumbnail","6":"hentry","7":"category-proyecto","8":"category-campanas-comunicacion-concienciacion","9":"category-conceptualizacion","10":"category-conceptualizacion-proyectos-destacados","11":"category-formacion","12":"category-interculturalidad","13":"category-interculturalidad-destacados","14":"tag-proyecto","16":"with-featured-image"},"taxonomy_info":{"category":[{"value":44,"label":"Proyecto"},{"value":57,"label":"Campa\u00f1as de comunicaci\u00f3n \/ sensibilizaci\u00f3n"},{"value":59,"label":"Conceptualizaci\u00f3n y producci\u00f3n de proyectos y programas"},{"value":60,"label":"Destacado"},{"value":63,"label":"Formaci\u00f3n"},{"value":76,"label":"Interculturalidad"},{"value":77,"label":"Destacado"}],"post_tag":[{"value":83,"label":"Proyecto"}]},"featured_image_src_large":["https:\/\/qsl.cat\/wp-content\/uploads\/2021\/05\/49-PROGBI-1024x385.png",905,340,true],"author_info":{"display_name":"editorxs","author_link":"https:\/\/qsl.cat\/es\/author\/editorxs\/"},"comment_info":0,"category_info":[{"term_id":44,"name":"Proyecto","slug":"proyecto","term_group":0,"term_taxonomy_id":44,"taxonomy":"category","description":"","parent":0,"count":67,"filter":"raw","term_order":"0","cat_ID":44,"category_count":67,"category_description":"","cat_name":"Proyecto","category_nicename":"proyecto","category_parent":0},{"term_id":57,"name":"Campa\u00f1as de comunicaci\u00f3n \/ sensibilizaci\u00f3n","slug":"campanas-comunicacion-concienciacion","term_group":0,"term_taxonomy_id":57,"taxonomy":"category","description":"","parent":56,"count":14,"filter":"raw","term_order":"0","cat_ID":57,"category_count":14,"category_description":"","cat_name":"Campa\u00f1as de comunicaci\u00f3n \/ sensibilizaci\u00f3n","category_nicename":"campanas-comunicacion-concienciacion","category_parent":56},{"term_id":59,"name":"Conceptualizaci\u00f3n y producci\u00f3n de proyectos y programas","slug":"conceptualizacion","term_group":0,"term_taxonomy_id":59,"taxonomy":"category","description":"","parent":56,"count":34,"filter":"raw","term_order":"0","cat_ID":59,"category_count":34,"category_description":"","cat_name":"Conceptualizaci\u00f3n y producci\u00f3n de proyectos y programas","category_nicename":"conceptualizacion","category_parent":56},{"term_id":60,"name":"Destacado","slug":"conceptualizacion-proyectos-destacados","term_group":0,"term_taxonomy_id":60,"taxonomy":"category","description":"","parent":59,"count":5,"filter":"raw","term_order":"0","cat_ID":60,"category_count":5,"category_description":"","cat_name":"Destacado","category_nicename":"conceptualizacion-proyectos-destacados","category_parent":59},{"term_id":63,"name":"Formaci\u00f3n","slug":"formacion","term_group":0,"term_taxonomy_id":63,"taxonomy":"category","description":"","parent":56,"count":10,"filter":"raw","term_order":"0","cat_ID":63,"category_count":10,"category_description":"","cat_name":"Formaci\u00f3n","category_nicename":"formacion","category_parent":56},{"term_id":76,"name":"Interculturalidad","slug":"interculturalidad","term_group":0,"term_taxonomy_id":76,"taxonomy":"category","description":"","parent":69,"count":22,"filter":"raw","term_order":"0","cat_ID":76,"category_count":22,"category_description":"","cat_name":"Interculturalidad","category_nicename":"interculturalidad","category_parent":69},{"term_id":77,"name":"Destacado","slug":"interculturalidad-destacados","term_group":0,"term_taxonomy_id":77,"taxonomy":"category","description":"","parent":76,"count":4,"filter":"raw","term_order":"0","cat_ID":77,"category_count":4,"category_description":"","cat_name":"Destacado","category_nicename":"interculturalidad-destacados","category_parent":76}],"tag_info":[{"term_id":83,"name":"Proyecto","slug":"proyecto","term_group":0,"term_taxonomy_id":83,"taxonomy":"post_tag","description":"","parent":0,"count":67,"filter":"raw","term_order":"0"}],"featured_image_src":"https:\/\/qsl.cat\/wp-content\/uploads\/2021\/05\/49-PROGBI-600x400.png","featured_image_src_square":"https:\/\/qsl.cat\/wp-content\/uploads\/2021\/05\/49-PROGBI-600x431.png","_links":{"self":[{"href":"https:\/\/qsl.cat\/es\/wp-json\/wp\/v2\/posts\/2513","targetHints":{"allow":["GET"]}}],"collection":[{"href":"https:\/\/qsl.cat\/es\/wp-json\/wp\/v2\/posts"}],"about":[{"href":"https:\/\/qsl.cat\/es\/wp-json\/wp\/v2\/types\/post"}],"author":[{"embeddable":true,"href":"https:\/\/qsl.cat\/es\/wp-json\/wp\/v2\/users\/5"}],"replies":[{"embeddable":true,"href":"https:\/\/qsl.cat\/es\/wp-json\/wp\/v2\/comments?post=2513"}],"version-history":[{"count":2,"href":"https:\/\/qsl.cat\/es\/wp-json\/wp\/v2\/posts\/2513\/revisions"}],"predecessor-version":[{"id":3536,"href":"https:\/\/qsl.cat\/es\/wp-json\/wp\/v2\/posts\/2513\/revisions\/3536"}],"wp:featuredmedia":[{"embeddable":true,"href":"https:\/\/qsl.cat\/es\/wp-json\/wp\/v2\/media\/2256"}],"wp:attachment":[{"href":"https:\/\/qsl.cat\/es\/wp-json\/wp\/v2\/media?parent=2513"}],"wp:term":[{"taxonomy":"category","embeddable":true,"href":"https:\/\/qsl.cat\/es\/wp-json\/wp\/v2\/categories?post=2513"},{"taxonomy":"post_tag","embeddable":true,"href":"https:\/\/qsl.cat\/es\/wp-json\/wp\/v2\/tags?post=2513"},{"taxonomy":"sp_smart_badges","embeddable":true,"href":"https:\/\/qsl.cat\/es\/wp-json\/wp\/v2\/sp_smart_badges?post=2513"}],"curies":[{"name":"wp","href":"https:\/\/api.w.org\/{rel}","templated":true}]}}