{"id":2508,"date":"2021-06-16T18:38:04","date_gmt":"2021-06-16T18:38:04","guid":{"rendered":"https:\/\/qsl.cat\/engranxart-un-projecte-social-comunitari-i-artistic-al-barri-del-carmel\/"},"modified":"2022-12-15T12:15:33","modified_gmt":"2022-12-15T12:15:33","slug":"engranxart-un-projecte-social-comunitari-i-artistic-al-barri-del-carmel","status":"publish","type":"post","link":"https:\/\/qsl.cat\/es\/engranxart-un-projecte-social-comunitari-i-artistic-al-barri-del-carmel\/","title":{"rendered":"\u201cENGRANXART\u201d, un proyecto social, comunitario y art\u00edstico en el barrio de El Carmel"},"content":{"rendered":"<style>#kt-layout-id_141b52-36{margin-bottom:0px;}#kt-layout-id_141b52-36 > .kt-row-column-wrap{align-content:end;}:where(#kt-layout-id_141b52-36 > .kt-row-column-wrap) > .wp-block-kadence-column{justify-content:end;}#kt-layout-id_141b52-36 > .kt-row-column-wrap{column-gap:var(--global-kb-gap-md, 2rem);row-gap:var(--global-kb-gap-md, 2rem);max-width:1240px;margin-left:auto;margin-right:auto;padding-top:var( --global-kb-row-default-top, 25px );padding-bottom:var( --global-kb-row-default-bottom, 25px );padding-top:200px;padding-bottom:60px;min-height:322px;grid-template-columns:minmax(0, 1fr);}#kt-layout-id_141b52-36{background-color:#088c8e;}#kt-layout-id_141b52-36 > .kt-row-layout-overlay{opacity:0.30;}@media all and (max-width: 1024px){#kt-layout-id_141b52-36 > .kt-row-column-wrap{grid-template-columns:minmax(0, 1fr);}}@media all and (max-width: 767px){#kt-layout-id_141b52-36 > .kt-row-column-wrap{grid-template-columns:minmax(0, 1fr);}}<\/style>\n<div class=\"wp-block-kadence-rowlayout alignfull header-interior\"><div id=\"kt-layout-id_141b52-36\" class=\"kt-row-layout-inner kt-row-has-bg kt-layout-id_141b52-36\"><div class=\"kt-row-column-wrap kt-has-1-columns kt-gutter-default kt-v-gutter-default kt-row-valign-bottom kt-row-layout-equal kt-tab-layout-inherit kt-m-colapse-left-to-right kt-mobile-layout-row\"><style>.kadence-column_2a9446-ed > .kt-inside-inner-col{border-top-width:0px;border-right-width:0px;border-bottom-width:0px;border-left-width:0px;}.kadence-column_2a9446-ed > .kt-inside-inner-col,.kadence-column_2a9446-ed > .kt-inside-inner-col:before{border-top-left-radius:0px;border-top-right-radius:0px;border-bottom-right-radius:0px;border-bottom-left-radius:0px;}.kadence-column_2a9446-ed > .kt-inside-inner-col{column-gap:var(--global-kb-gap-sm, 1rem);}.kadence-column_2a9446-ed > .kt-inside-inner-col{flex-direction:column;}.kadence-column_2a9446-ed > .kt-inside-inner-col > .aligncenter{width:100%;}.kadence-column_2a9446-ed > .kt-inside-inner-col:before{opacity:0.3;}.kadence-column_2a9446-ed{position:relative;}@media all and (max-width: 1024px){.kadence-column_2a9446-ed > .kt-inside-inner-col{flex-direction:column;justify-content:center;}}@media all and (max-width: 767px){.kadence-column_2a9446-ed > .kt-inside-inner-col{flex-direction:column;justify-content:center;}}<\/style>\n<div class=\"wp-block-kadence-column inner-column-1 kadence-column_2a9446-ed header-post\"><div class=\"kt-inside-inner-col\">\n<p class=\"etiqueta-titol-post has-white-color has-text-color\"><a href=\"https:\/\/qsl.cat\/noticies\/\" class=\"ek-link\">Not\u00edcies<\/a><\/p>\n\n\n\n<\/div><\/div>\n<\/div><\/div><\/div>\n\n\n<style>#kt-layout-id_b8be27-7e{margin-bottom:0px;}#kt-layout-id_b8be27-7e > .kt-row-column-wrap{align-content:start;}:where(#kt-layout-id_b8be27-7e > .kt-row-column-wrap) > .wp-block-kadence-column{justify-content:start;}#kt-layout-id_b8be27-7e > .kt-row-column-wrap{column-gap:40px;row-gap:var(--global-kb-gap-md, 2rem);max-width:1240px;margin-left:auto;margin-right:auto;padding-top:var( --global-kb-row-default-top, 25px );padding-bottom:var( --global-kb-row-default-bottom, 25px );padding-top:95px;padding-bottom:0px;grid-template-columns:minmax(0, 2fr) minmax(0, 1fr);}#kt-layout-id_b8be27-7e > .kt-row-layout-overlay{opacity:0.30;}@media all and (max-width: 1024px){#kt-layout-id_b8be27-7e > .kt-row-column-wrap{grid-template-columns:minmax(0, 2fr) minmax(0, 1fr);}}@media all and (max-width: 767px){#kt-layout-id_b8be27-7e > .kt-row-column-wrap{grid-template-columns:minmax(0, 1fr);}}<\/style>\n<div class=\"wp-block-kadence-rowlayout alignfull container-subhome subhome-projectes post\"><div id=\"kt-layout-id_b8be27-7e\" class=\"kt-row-layout-inner kt-row-has-bg kt-layout-id_b8be27-7e has-white-background-color\"><div class=\"kt-row-column-wrap kt-has-2-columns kt-gutter-wide kt-v-gutter-default kt-row-valign-top kt-row-layout-left-golden kt-tab-layout-left-golden kt-m-colapse-left-to-right kt-mobile-layout-row\"><style>.kadence-column_e8a89e-69 > .kt-inside-inner-col{border-top-width:0px;border-right-width:0px;border-bottom-width:0px;border-left-width:0px;}.kadence-column_e8a89e-69 > .kt-inside-inner-col,.kadence-column_e8a89e-69 > .kt-inside-inner-col:before{border-top-left-radius:0px;border-top-right-radius:0px;border-bottom-right-radius:0px;border-bottom-left-radius:0px;}.kadence-column_e8a89e-69 > .kt-inside-inner-col{column-gap:var(--global-kb-gap-sm, 1rem);}.kadence-column_e8a89e-69 > .kt-inside-inner-col{flex-direction:column;}.kadence-column_e8a89e-69 > .kt-inside-inner-col > .aligncenter{width:100%;}.kadence-column_e8a89e-69 > .kt-inside-inner-col:before{opacity:0.3;}.kadence-column_e8a89e-69{position:relative;}@media all and (max-width: 1024px){.kadence-column_e8a89e-69 > .kt-inside-inner-col{flex-direction:column;justify-content:center;}}@media all and (max-width: 767px){.kadence-column_e8a89e-69 > .kt-inside-inner-col{flex-direction:column;justify-content:center;}}<\/style>\n<div class=\"wp-block-kadence-column inner-column-1 kadence-column_e8a89e-69 article\"><div class=\"kt-inside-inner-col\"><div class=\"wp-block-image\">\n<figure class=\"aligncenter size-large is-resized\"><img decoding=\"async\" src=\"https:\/\/qsl.cat\/wp-content\/uploads\/2021\/06\/Collage-tapissos-1024x921.jpg\" alt=\"\" class=\"wp-image-2499\" width=\"482\" height=\"433\" srcset=\"https:\/\/qsl.cat\/wp-content\/uploads\/2021\/06\/Collage-tapissos-1024x921.jpg 1024w, https:\/\/qsl.cat\/wp-content\/uploads\/2021\/06\/Collage-tapissos-300x270.jpg 300w, https:\/\/qsl.cat\/wp-content\/uploads\/2021\/06\/Collage-tapissos-768x691.jpg 768w, https:\/\/qsl.cat\/wp-content\/uploads\/2021\/06\/Collage-tapissos-1536x1382.jpg 1536w, https:\/\/qsl.cat\/wp-content\/uploads\/2021\/06\/Collage-tapissos-1200x1079.jpg 1200w, https:\/\/qsl.cat\/wp-content\/uploads\/2021\/06\/Collage-tapissos-1400x1259.jpg 1400w, https:\/\/qsl.cat\/wp-content\/uploads\/2021\/06\/Collage-tapissos.jpg 1791w\" sizes=\"(max-width: 482px) 100vw, 482px\" \/><\/figure>\n<\/div>\n\n\n<p><strong><strong>Cuando pensamos en un Centro C\u00edvico a menudo simplificamos su oferta en dos grandes \u00e1reas: la formativa que se presenta en el programa de talleres y la cultural que se muestra con actuaciones y espect\u00e1culos. Esta es claramente una visi\u00f3n simplificada que invisibiliza el trabajo comunitario y social que estos equipamientos realizan. Los Centros C\u00edvicos tienen una capacidad muy grande para generar, vehicular o dise\u00f1ar proyectos que no encajan dentro de estas \u00e1reas y que, a pesar de ser muy importantes para el territorio y para las personas que participan, ocupan menos espacio en la difusi\u00f3n y, a menudo, quedan recogidos en un espacio llamado \u201cotros proyectos\u201d en los indicadores de gesti\u00f3n municipales.<\/strong><\/strong><\/p>\n\n\n\n<p>Estos proyectos son m\u00e1gicos y producen impactos reales y tangibles a las personas que participan. Uno de estos proyectos es el proyecto&nbsp;Engranxart&nbsp;que ha sido liderado por el&nbsp;<a href=\"https:\/\/ajuntament.barcelona.cat\/ccivics\/carmel\" class=\"ek-link\" target=\"_blank\" rel=\"noopener\">Centro&nbsp;C\u00edvico&nbsp;Carmel<\/a>&nbsp;durante la pandemia y que hace unos d\u00edas pudo concluir en un acto presencial, haciendo tangible el impacto y las emociones que ha generado a las persones que han participado.<\/p>\n\n\n\n<p>El&nbsp;Engranxart&nbsp;es un proyecto social, comunitario y art\u00edstico que nace en plena pandemia y de la necesidad de mantener vivo el contacto con las vecinas y los vecinos del barrio del&nbsp;Carmel. Como objetivos del proyecto encontramos: <strong>combatir la soledad<\/strong>, especialmente la de las personas mayores y las personas j\u00f3venes; <strong>combatir el aislamiento<\/strong>, producido por las restricciones de movilidad y el confinamiento y <strong>combatir la p\u00e9rdida de v\u00ednculo<\/strong> que se produce al distanciarse de los equipamientos (escuelas, centros c\u00edvicos) que son sus espacios habituales para relacionarse.<\/p>\n\n\n\n<p>Para conseguir estos objetivos se crearon unos t\u00e1ndems de relaci\u00f3n entre las personas mayores y los y las j\u00f3venes estudiantes de las escuelas&nbsp;Virolai, Ferran&nbsp;Tallada&nbsp;y otros chicos y chicas de diferentes entidades, proyectos y equipamientos del barrio (APC, Voluntarios T\u00e1ndem, etc.). Estos y estas j\u00f3venes se emparejaron con unas 40 mujeres voluntarias y, durante la pandemia, estos t\u00e1ndems mantuvieron contacto mediante llamadas telef\u00f3nicas,&nbsp;videollamadas&nbsp;e incluso a trav\u00e9s de correo postal. La misi\u00f3n de los j\u00f3venes ha sido la de conocer mejor las vivencias e inquietudes de las persones mayores des del&nbsp;Carmel&nbsp;en estos tiempos de pandemia, recoger sus vivencias y las emociones que sent\u00edan as\u00ed como generar momentos para acompa\u00f1arse y de complicidad.<\/p>\n\n\n\n<p>Las inquietudes se hicieron llegar a la artista textil Ase Su\u00e1rez que dise\u00f1\u00f3 un esbozo para la elaboraci\u00f3n de un tapiz conjunto que recogiera y plasmara esas inquietudes en una obra pl\u00e1stica. El tapiz incluye un conjunto de piezas de arte de diferentes disciplinas textiles (aguja de gancho, bordado,&nbsp;patchwork, punto de cruz&#8230;) que fueron realizadas por las voluntarias.<\/p>\n\n\n\n<p>El pasado 7 de junio por la ma\u00f1ana en la plaza Salvador Allende se hizo una inauguraci\u00f3n presencial para presentar esta obra comunitaria y para dar visibilidad a este proyecto, el&nbsp;Engranxart,&nbsp;y a todas las personas que lo hab\u00edan hecho posible. En el acto se encontraron las artistas tejedoras, Ase Su\u00e1rez, las personas j\u00f3venes que recogieron las inquietudes y los y las profesionales de todas los entidades implicadas en el proyecto. Se escucharon las voces de algunos y algunas de las personas protagonistas y se acompa\u00f1\u00f3 el acto con un espect\u00e1culo po\u00e9tico de t\u00edteres para adultos y la proyecci\u00f3n de fotograf\u00edas de los t\u00e1ndems.<\/p>\n\n\n\n<p>Una experiencia muy enriquecedora para las personas participantes y para el equipo que dise\u00f1\u00f3 el proyecto, involucro a las entidades, equipamientos, artistas&#8230; generando una experiencia vital que bien seguro ninguna de las personas participantes olvidar\u00e1. El desarrollo del proyecto se ha ido grabando en video para poder difundir el proceso y las vivencias, as\u00ed que, pronto, podremos compartir todas estas emociones vividas en las redes.<\/p>\n<\/div><\/div>\n\n\n<style>.kadence-column_ffacc3-41 > .kt-inside-inner-col{border-top-width:0px;border-right-width:0px;border-bottom-width:0px;border-left-width:0px;}.kadence-column_ffacc3-41 > .kt-inside-inner-col,.kadence-column_ffacc3-41 > .kt-inside-inner-col:before{border-top-left-radius:0px;border-top-right-radius:0px;border-bottom-right-radius:0px;border-bottom-left-radius:0px;}.kadence-column_ffacc3-41 > .kt-inside-inner-col{column-gap:var(--global-kb-gap-sm, 1rem);}.kadence-column_ffacc3-41 > .kt-inside-inner-col{flex-direction:column;}.kadence-column_ffacc3-41 > .kt-inside-inner-col > .aligncenter{width:100%;}.kadence-column_ffacc3-41 > .kt-inside-inner-col:before{opacity:0.3;}.kadence-column_ffacc3-41{position:relative;}@media all and (max-width: 1024px){.kadence-column_ffacc3-41 > .kt-inside-inner-col{flex-direction:column;justify-content:center;}}@media all and (max-width: 767px){.kadence-column_ffacc3-41 > .kt-inside-inner-col{flex-direction:column;justify-content:center;}}<\/style>\n<div class=\"wp-block-kadence-column inner-column-2 kadence-column_ffacc3-41 sidebar\"><div class=\"kt-inside-inner-col\">\n<p class=\"titol--2\">Enlaces relacionados<\/p>\n\n\n\n<ul class=\"is-style-none links wp-block-list\" style=\"color:#088c8e\">\n<li><a href=\"https:\/\/ajuntament.barcelona.cat\/ccivics\/carmel\" class=\"ek-link\" target=\"_blank\" rel=\"noopener\">Centro C\u00edvico Carmel<\/a><\/li>\n<\/ul>\n\n\n<\/div><\/div>\n<\/div><\/div><\/div>\n","protected":false},"excerpt":{"rendered":"<p>Engranxart es un proyecto social, comunitario y art\u00edstico que nace en plena pandemia de la necesidad de mantener vivo el contacto con las vecinas y vecinos del barrio del Carmel. <\/p>\n","protected":false},"author":5,"featured_media":2456,"comment_status":"closed","ping_status":"closed","sticky":false,"template":"","format":"standard","meta":{"_editorskit_title_hidden":false,"_editorskit_reading_time":2,"_editorskit_is_block_options_detached":false,"_editorskit_block_options_position":"{}","inline_featured_image":false,"_kad_blocks_custom_css":"","_kad_blocks_head_custom_js":"","_kad_blocks_body_custom_js":"","_kad_blocks_footer_custom_js":"","footnotes":""},"categories":[53],"tags":[82],"sp_smart_badges":[],"class_list":{"0":"post-2508","1":"post","2":"type-post","3":"status-publish","4":"format-standard","5":"has-post-thumbnail","6":"hentry","7":"category-noticia-es","8":"tag-noticia-es","10":"with-featured-image"},"taxonomy_info":{"category":[{"value":53,"label":"Noticia"}],"post_tag":[{"value":82,"label":"Noticia"}]},"featured_image_src_large":["https:\/\/qsl.cat\/wp-content\/uploads\/2021\/06\/logo-Engranxart-1024x576.jpg",905,509,true],"author_info":{"display_name":"editorxs","author_link":"https:\/\/qsl.cat\/es\/author\/editorxs\/"},"comment_info":0,"category_info":[{"term_id":53,"name":"Noticia","slug":"noticia-es","term_group":0,"term_taxonomy_id":53,"taxonomy":"category","description":"","parent":0,"count":8,"filter":"raw","term_order":"0","cat_ID":53,"category_count":8,"category_description":"","cat_name":"Noticia","category_nicename":"noticia-es","category_parent":0}],"tag_info":[{"term_id":82,"name":"Noticia","slug":"noticia-es","term_group":0,"term_taxonomy_id":82,"taxonomy":"post_tag","description":"","parent":0,"count":8,"filter":"raw","term_order":"0"}],"featured_image_src":"https:\/\/qsl.cat\/wp-content\/uploads\/2021\/06\/logo-Engranxart-600x400.jpg","featured_image_src_square":"https:\/\/qsl.cat\/wp-content\/uploads\/2021\/06\/logo-Engranxart-600x600.jpg","_links":{"self":[{"href":"https:\/\/qsl.cat\/es\/wp-json\/wp\/v2\/posts\/2508","targetHints":{"allow":["GET"]}}],"collection":[{"href":"https:\/\/qsl.cat\/es\/wp-json\/wp\/v2\/posts"}],"about":[{"href":"https:\/\/qsl.cat\/es\/wp-json\/wp\/v2\/types\/post"}],"author":[{"embeddable":true,"href":"https:\/\/qsl.cat\/es\/wp-json\/wp\/v2\/users\/5"}],"replies":[{"embeddable":true,"href":"https:\/\/qsl.cat\/es\/wp-json\/wp\/v2\/comments?post=2508"}],"version-history":[{"count":5,"href":"https:\/\/qsl.cat\/es\/wp-json\/wp\/v2\/posts\/2508\/revisions"}],"predecessor-version":[{"id":3377,"href":"https:\/\/qsl.cat\/es\/wp-json\/wp\/v2\/posts\/2508\/revisions\/3377"}],"wp:featuredmedia":[{"embeddable":true,"href":"https:\/\/qsl.cat\/es\/wp-json\/wp\/v2\/media\/2456"}],"wp:attachment":[{"href":"https:\/\/qsl.cat\/es\/wp-json\/wp\/v2\/media?parent=2508"}],"wp:term":[{"taxonomy":"category","embeddable":true,"href":"https:\/\/qsl.cat\/es\/wp-json\/wp\/v2\/categories?post=2508"},{"taxonomy":"post_tag","embeddable":true,"href":"https:\/\/qsl.cat\/es\/wp-json\/wp\/v2\/tags?post=2508"},{"taxonomy":"sp_smart_badges","embeddable":true,"href":"https:\/\/qsl.cat\/es\/wp-json\/wp\/v2\/sp_smart_badges?post=2508"}],"curies":[{"name":"wp","href":"https:\/\/api.w.org\/{rel}","templated":true}]}}