{"id":1680,"date":"2020-11-16T11:46:53","date_gmt":"2020-11-16T11:46:53","guid":{"rendered":"https:\/\/qsl.cat\/?p=1680"},"modified":"2022-12-20T11:17:16","modified_gmt":"2022-12-20T11:17:16","slug":"asesoramiento-y-formacion-en-perspectiva-intercultural-para-las-afa","status":"publish","type":"post","link":"https:\/\/qsl.cat\/es\/asesoramiento-y-formacion-en-perspectiva-intercultural-para-las-afa\/","title":{"rendered":"Asesoramiento y formaci\u00f3n en perspectiva intercultural para las AFA"},"content":{"rendered":"<style>#kt-layout-id_382a3a-0a{margin-bottom:0px;}#kt-layout-id_382a3a-0a > .kt-row-column-wrap{align-content:end;}:where(#kt-layout-id_382a3a-0a > .kt-row-column-wrap) > .wp-block-kadence-column{justify-content:end;}#kt-layout-id_382a3a-0a > .kt-row-column-wrap{column-gap:var(--global-kb-gap-md, 2rem);row-gap:var(--global-kb-gap-md, 2rem);max-width:1240px;margin-left:auto;margin-right:auto;padding-top:var( --global-kb-row-default-top, 25px );padding-bottom:var( --global-kb-row-default-bottom, 25px );padding-top:200px;padding-bottom:60px;min-height:322px;grid-template-columns:minmax(0, 1fr);}#kt-layout-id_382a3a-0a{background-color:#088c8e;}#kt-layout-id_382a3a-0a > .kt-row-layout-overlay{opacity:0.30;}@media all and (max-width: 1024px){#kt-layout-id_382a3a-0a > .kt-row-column-wrap{grid-template-columns:minmax(0, 1fr);}}@media all and (max-width: 767px){#kt-layout-id_382a3a-0a > .kt-row-column-wrap{grid-template-columns:minmax(0, 1fr);}}<\/style>\n<div class=\"wp-block-kadence-rowlayout alignfull header-interior\"><div id=\"kt-layout-id_382a3a-0a\" class=\"kt-row-layout-inner kt-row-has-bg kt-layout-id_382a3a-0a\"><div class=\"kt-row-column-wrap kt-has-1-columns kt-gutter-default kt-v-gutter-default kt-row-valign-bottom kt-row-layout-equal kt-tab-layout-inherit kt-m-colapse-left-to-right kt-mobile-layout-row\"><style>.kadence-column_8be2cc-98 > .kt-inside-inner-col{border-top-width:0px;border-right-width:0px;border-bottom-width:0px;border-left-width:0px;}.kadence-column_8be2cc-98 > .kt-inside-inner-col,.kadence-column_8be2cc-98 > .kt-inside-inner-col:before{border-top-left-radius:0px;border-top-right-radius:0px;border-bottom-right-radius:0px;border-bottom-left-radius:0px;}.kadence-column_8be2cc-98 > .kt-inside-inner-col{column-gap:var(--global-kb-gap-sm, 1rem);}.kadence-column_8be2cc-98 > .kt-inside-inner-col{flex-direction:column;}.kadence-column_8be2cc-98 > .kt-inside-inner-col > .aligncenter{width:100%;}.kadence-column_8be2cc-98 > .kt-inside-inner-col:before{opacity:0.3;}.kadence-column_8be2cc-98{position:relative;}@media all and (max-width: 1024px){.kadence-column_8be2cc-98 > .kt-inside-inner-col{flex-direction:column;justify-content:center;}}@media all and (max-width: 767px){.kadence-column_8be2cc-98 > .kt-inside-inner-col{flex-direction:column;justify-content:center;}}<\/style>\n<div class=\"wp-block-kadence-column inner-column-1 kadence-column_8be2cc-98 header-post\"><div class=\"kt-inside-inner-col\">\n<p class=\"etiqueta-titol-post has-white-color has-text-color\"><a href=\"https:\/\/qsl.cat\/projectes\/\" class=\"ek-link\">Projectes<\/a><\/p>\n\n\n\n<\/div><\/div>\n<\/div><\/div><\/div>\n\n\n<style>#kt-layout-id_090d07-df{margin-bottom:0px;}#kt-layout-id_090d07-df > .kt-row-column-wrap{align-content:start;}:where(#kt-layout-id_090d07-df > .kt-row-column-wrap) > .wp-block-kadence-column{justify-content:start;}#kt-layout-id_090d07-df > .kt-row-column-wrap{column-gap:40px;row-gap:var(--global-kb-gap-md, 2rem);max-width:1240px;margin-left:auto;margin-right:auto;padding-top:var( --global-kb-row-default-top, 25px );padding-bottom:var( --global-kb-row-default-bottom, 25px );padding-top:95px;padding-bottom:0px;grid-template-columns:minmax(0, 2fr) minmax(0, 1fr);}#kt-layout-id_090d07-df > .kt-row-layout-overlay{opacity:0.30;}@media all and (max-width: 1024px){#kt-layout-id_090d07-df > .kt-row-column-wrap{grid-template-columns:minmax(0, 2fr) minmax(0, 1fr);}}@media all and (max-width: 767px){#kt-layout-id_090d07-df > .kt-row-column-wrap{grid-template-columns:minmax(0, 1fr);}}<\/style>\n<div class=\"wp-block-kadence-rowlayout alignfull container-subhome subhome-projectes post\"><div id=\"kt-layout-id_090d07-df\" class=\"kt-row-layout-inner kt-row-has-bg kt-layout-id_090d07-df has-white-background-color\"><div class=\"kt-row-column-wrap kt-has-2-columns kt-gutter-wide kt-v-gutter-default kt-row-valign-top kt-row-layout-left-golden kt-tab-layout-left-golden kt-m-colapse-left-to-right kt-mobile-layout-row\"><style>.kadence-column_4b0d0c-7d > .kt-inside-inner-col{border-top-width:0px;border-right-width:0px;border-bottom-width:0px;border-left-width:0px;}.kadence-column_4b0d0c-7d > .kt-inside-inner-col,.kadence-column_4b0d0c-7d > .kt-inside-inner-col:before{border-top-left-radius:0px;border-top-right-radius:0px;border-bottom-right-radius:0px;border-bottom-left-radius:0px;}.kadence-column_4b0d0c-7d > .kt-inside-inner-col{column-gap:var(--global-kb-gap-sm, 1rem);}.kadence-column_4b0d0c-7d > .kt-inside-inner-col{flex-direction:column;}.kadence-column_4b0d0c-7d > .kt-inside-inner-col > .aligncenter{width:100%;}.kadence-column_4b0d0c-7d > .kt-inside-inner-col:before{opacity:0.3;}.kadence-column_4b0d0c-7d{position:relative;}@media all and (max-width: 1024px){.kadence-column_4b0d0c-7d > .kt-inside-inner-col{flex-direction:column;justify-content:center;}}@media all and (max-width: 767px){.kadence-column_4b0d0c-7d > .kt-inside-inner-col{flex-direction:column;justify-content:center;}}<\/style>\n<div class=\"wp-block-kadence-column inner-column-1 kadence-column_4b0d0c-7d article\"><div class=\"kt-inside-inner-col\">\n<figure class=\"wp-block-image size-large\"><img decoding=\"async\" width=\"1024\" height=\"538\" src=\"https:\/\/qsl.cat\/wp-content\/uploads\/2020\/11\/projecte-afa-santa-coloma-gramenet-1024x538.png\" alt=\"Asesoramiento y formaci\u00f3n en perspectiva intercultural para las AFA (Santa Coloma de Gramenet)\" class=\"wp-image-829\" srcset=\"https:\/\/qsl.cat\/wp-content\/uploads\/2020\/11\/projecte-afa-santa-coloma-gramenet-1024x538.png 1024w, https:\/\/qsl.cat\/wp-content\/uploads\/2020\/11\/projecte-afa-santa-coloma-gramenet-300x158.png 300w, https:\/\/qsl.cat\/wp-content\/uploads\/2020\/11\/projecte-afa-santa-coloma-gramenet-768x403.png 768w, https:\/\/qsl.cat\/wp-content\/uploads\/2020\/11\/projecte-afa-santa-coloma-gramenet.png 1200w\" sizes=\"(max-width: 1024px) 100vw, 1024px\" \/><\/figure>\n\n\n<style>.wp-block-kadence-advancedheading.kt-adv-heading_2764ac-dc, .wp-block-kadence-advancedheading.kt-adv-heading_2764ac-dc[data-kb-block=\"kb-adv-heading_2764ac-dc\"]{font-style:normal;}.wp-block-kadence-advancedheading.kt-adv-heading_2764ac-dc mark.kt-highlight, .wp-block-kadence-advancedheading.kt-adv-heading_2764ac-dc[data-kb-block=\"kb-adv-heading_2764ac-dc\"] mark.kt-highlight{font-style:normal;color:#f76a0c;-webkit-box-decoration-break:clone;box-decoration-break:clone;padding-top:0px;padding-right:0px;padding-bottom:0px;padding-left:0px;}.wp-block-kadence-advancedheading.kt-adv-heading_2764ac-dc img.kb-inline-image, .wp-block-kadence-advancedheading.kt-adv-heading_2764ac-dc[data-kb-block=\"kb-adv-heading_2764ac-dc\"] img.kb-inline-image{width:150px;vertical-align:baseline;}<\/style>\n<h5 class=\"kt-adv-heading_2764ac-dc wp-block-kadence-advancedheading\" data-kb-block=\"kb-adv-heading_2764ac-dc\">Descripci\u00f3n<\/h5>\n\n\n\n<p>Las AFA (Asociaci\u00f3n de familias de alumnos) son agentes clave en la comunidad escolar y pueden tener un papel dinamizador importante en la vida del centro como puente entre familias, alumnos, profesorado y equipo directivo.<\/p>\n\n\n\n<p>El proyecto de asesoramiento y formaci\u00f3n en perspectiva intercultural para AFAs en Santa Coloma de Gramanet radica en hacer de estas asociaciones un espacio abierto, diverso, proactivo y con proyectos estimulantes para toda la escuela y explorar nuevas formas de organizaci\u00f3n para fomentar la participaci\u00f3n y mejorar la comunicaci\u00f3n desde la perspectiva intercultural.<\/p>\n\n\n\n<p>Cuando nos atrevemos a poner en pr\u00e1ctica estrategias creativas de relaci\u00f3n entre las familias, la participaci\u00f3n se hace m\u00e1s s\u00f3lida, comprometida, divertida y amplia.<\/p>\n<\/div><\/div>\n\n\n<style>.kadence-column_ffacc3-41 > .kt-inside-inner-col{border-top-width:0px;border-right-width:0px;border-bottom-width:0px;border-left-width:0px;}.kadence-column_ffacc3-41 > .kt-inside-inner-col,.kadence-column_ffacc3-41 > .kt-inside-inner-col:before{border-top-left-radius:0px;border-top-right-radius:0px;border-bottom-right-radius:0px;border-bottom-left-radius:0px;}.kadence-column_ffacc3-41 > .kt-inside-inner-col{column-gap:var(--global-kb-gap-sm, 1rem);}.kadence-column_ffacc3-41 > .kt-inside-inner-col{flex-direction:column;}.kadence-column_ffacc3-41 > .kt-inside-inner-col > .aligncenter{width:100%;}.kadence-column_ffacc3-41 > .kt-inside-inner-col:before{opacity:0.3;}.kadence-column_ffacc3-41{position:relative;}@media all and (max-width: 1024px){.kadence-column_ffacc3-41 > .kt-inside-inner-col{flex-direction:column;justify-content:center;}}@media all and (max-width: 767px){.kadence-column_ffacc3-41 > .kt-inside-inner-col{flex-direction:column;justify-content:center;}}<\/style>\n<div class=\"wp-block-kadence-column inner-column-2 kadence-column_ffacc3-41 sidebar\"><div class=\"kt-inside-inner-col\">\n<p class=\"titol--1\">\u00c1mbitos<\/p>\n\n\n<p class=\"titol--1\">Servicios<\/p>\n\n\n\n\n<p class=\"titol--2\">Para<\/p>\n\n\n\n<ul class=\"is-style-none links wp-block-list\" style=\"color:#088c8e\">\n<li><a href=\"https:\/\/www.gramenet.cat\/\" target=\"_blank\" aria-label=\"Ajuntament de Santa Coloma de Gramenet (opens in a new tab)\" rel=\"noreferrer noopener\" class=\"ek-link\">Ajuntament de Santa Coloma de Gramenet<\/a><\/li>\n<\/ul>\n\n\n<\/div><\/div>\n<\/div><\/div><\/div>\n","protected":false},"excerpt":{"rendered":"<p>Las AFA son agentes clave en la comunidad escolar y pueden tener un papel dinamizador importante en la vida del centro como puente entre familias, alumnos, profesorado y equipo directivo.<\/p>\n","protected":false},"author":4,"featured_media":2376,"comment_status":"closed","ping_status":"closed","sticky":false,"template":"","format":"standard","meta":{"_editorskit_title_hidden":false,"_editorskit_reading_time":1,"_editorskit_is_block_options_detached":false,"_editorskit_block_options_position":"{}","inline_featured_image":false,"_kad_blocks_custom_css":"","_kad_blocks_head_custom_js":"","_kad_blocks_body_custom_js":"","_kad_blocks_footer_custom_js":"","footnotes":""},"categories":[44,69,72,76,80,56,61,63,64],"tags":[83],"sp_smart_badges":[],"class_list":{"0":"post-1680","1":"post","2":"type-post","3":"status-publish","4":"format-standard","5":"has-post-thumbnail","6":"hentry","7":"category-proyecto","8":"category-ambito","9":"category-educacion","10":"category-interculturalidad","11":"category-participacion","12":"category-servicio","13":"category-consultoria-asesorias","14":"category-formacion","15":"category-formacion-destacado","16":"tag-proyecto","18":"with-featured-image"},"taxonomy_info":{"category":[{"value":44,"label":"Proyecto"},{"value":69,"label":"\u00c1mbito"},{"value":72,"label":"Educaci\u00f3n"},{"value":76,"label":"Interculturalidad"},{"value":80,"label":"Participaci\u00f3n"},{"value":56,"label":"Servicio"},{"value":61,"label":"Consultor\u00eda \/ Asesor\u00edas"},{"value":63,"label":"Formaci\u00f3n"},{"value":64,"label":"Destacado"}],"post_tag":[{"value":83,"label":"Proyecto"}]},"featured_image_src_large":["https:\/\/qsl.cat\/wp-content\/uploads\/2020\/11\/45_Formacio-Intercultural-AFAs-quarat.jpg",559,552,false],"author_info":{"display_name":"ideadmyn","author_link":"https:\/\/qsl.cat\/es\/author\/ideadmyn\/"},"comment_info":0,"category_info":[{"term_id":44,"name":"Proyecto","slug":"proyecto","term_group":0,"term_taxonomy_id":44,"taxonomy":"category","description":"","parent":0,"count":67,"filter":"raw","term_order":"0","cat_ID":44,"category_count":67,"category_description":"","cat_name":"Proyecto","category_nicename":"proyecto","category_parent":0},{"term_id":69,"name":"\u00c1mbito","slug":"ambito","term_group":0,"term_taxonomy_id":69,"taxonomy":"category","description":"","parent":44,"count":65,"filter":"raw","term_order":"0","cat_ID":69,"category_count":65,"category_description":"","cat_name":"\u00c1mbito","category_nicename":"ambito","category_parent":44},{"term_id":72,"name":"Educaci\u00f3n","slug":"educacion","term_group":0,"term_taxonomy_id":72,"taxonomy":"category","description":"","parent":69,"count":14,"filter":"raw","term_order":"0","cat_ID":72,"category_count":14,"category_description":"","cat_name":"Educaci\u00f3n","category_nicename":"educacion","category_parent":69},{"term_id":76,"name":"Interculturalidad","slug":"interculturalidad","term_group":0,"term_taxonomy_id":76,"taxonomy":"category","description":"","parent":69,"count":22,"filter":"raw","term_order":"0","cat_ID":76,"category_count":22,"category_description":"","cat_name":"Interculturalidad","category_nicename":"interculturalidad","category_parent":69},{"term_id":80,"name":"Participaci\u00f3n","slug":"participacion","term_group":0,"term_taxonomy_id":80,"taxonomy":"category","description":"","parent":69,"count":22,"filter":"raw","term_order":"0","cat_ID":80,"category_count":22,"category_description":"","cat_name":"Participaci\u00f3n","category_nicename":"participacion","category_parent":69},{"term_id":56,"name":"Servicio","slug":"servicio","term_group":0,"term_taxonomy_id":56,"taxonomy":"category","description":"","parent":44,"count":64,"filter":"raw","term_order":"0","cat_ID":56,"category_count":64,"category_description":"","cat_name":"Servicio","category_nicename":"servicio","category_parent":44},{"term_id":61,"name":"Consultor\u00eda \/ Asesor\u00edas","slug":"consultoria-asesorias","term_group":0,"term_taxonomy_id":61,"taxonomy":"category","description":"","parent":56,"count":21,"filter":"raw","term_order":"0","cat_ID":61,"category_count":21,"category_description":"","cat_name":"Consultor\u00eda \/ Asesor\u00edas","category_nicename":"consultoria-asesorias","category_parent":56},{"term_id":63,"name":"Formaci\u00f3n","slug":"formacion","term_group":0,"term_taxonomy_id":63,"taxonomy":"category","description":"","parent":56,"count":10,"filter":"raw","term_order":"0","cat_ID":63,"category_count":10,"category_description":"","cat_name":"Formaci\u00f3n","category_nicename":"formacion","category_parent":56},{"term_id":64,"name":"Destacado","slug":"formacion-destacado","term_group":0,"term_taxonomy_id":64,"taxonomy":"category","description":"","parent":63,"count":3,"filter":"raw","term_order":"0","cat_ID":64,"category_count":3,"category_description":"","cat_name":"Destacado","category_nicename":"formacion-destacado","category_parent":63}],"tag_info":[{"term_id":83,"name":"Proyecto","slug":"proyecto","term_group":0,"term_taxonomy_id":83,"taxonomy":"post_tag","description":"","parent":0,"count":67,"filter":"raw","term_order":"0"}],"featured_image_src":"https:\/\/qsl.cat\/wp-content\/uploads\/2020\/11\/45_Formacio-Intercultural-AFAs-quarat-559x400.jpg","featured_image_src_square":"https:\/\/qsl.cat\/wp-content\/uploads\/2020\/11\/45_Formacio-Intercultural-AFAs-quarat.jpg","_links":{"self":[{"href":"https:\/\/qsl.cat\/es\/wp-json\/wp\/v2\/posts\/1680","targetHints":{"allow":["GET"]}}],"collection":[{"href":"https:\/\/qsl.cat\/es\/wp-json\/wp\/v2\/posts"}],"about":[{"href":"https:\/\/qsl.cat\/es\/wp-json\/wp\/v2\/types\/post"}],"author":[{"embeddable":true,"href":"https:\/\/qsl.cat\/es\/wp-json\/wp\/v2\/users\/4"}],"replies":[{"embeddable":true,"href":"https:\/\/qsl.cat\/es\/wp-json\/wp\/v2\/comments?post=1680"}],"version-history":[{"count":2,"href":"https:\/\/qsl.cat\/es\/wp-json\/wp\/v2\/posts\/1680\/revisions"}],"predecessor-version":[{"id":3596,"href":"https:\/\/qsl.cat\/es\/wp-json\/wp\/v2\/posts\/1680\/revisions\/3596"}],"wp:featuredmedia":[{"embeddable":true,"href":"https:\/\/qsl.cat\/es\/wp-json\/wp\/v2\/media\/2376"}],"wp:attachment":[{"href":"https:\/\/qsl.cat\/es\/wp-json\/wp\/v2\/media?parent=1680"}],"wp:term":[{"taxonomy":"category","embeddable":true,"href":"https:\/\/qsl.cat\/es\/wp-json\/wp\/v2\/categories?post=1680"},{"taxonomy":"post_tag","embeddable":true,"href":"https:\/\/qsl.cat\/es\/wp-json\/wp\/v2\/tags?post=1680"},{"taxonomy":"sp_smart_badges","embeddable":true,"href":"https:\/\/qsl.cat\/es\/wp-json\/wp\/v2\/sp_smart_badges?post=1680"}],"curies":[{"name":"wp","href":"https:\/\/api.w.org\/{rel}","templated":true}]}}