{"id":1673,"date":"2020-11-18T11:32:00","date_gmt":"2020-11-18T11:32:00","guid":{"rendered":"https:\/\/qsl.cat\/?p=1673"},"modified":"2022-12-20T11:16:35","modified_gmt":"2022-12-20T11:16:35","slug":"plan-de-igualdad-interseccional-de-la-mancomunitat-la-plana","status":"publish","type":"post","link":"https:\/\/qsl.cat\/es\/plan-de-igualdad-interseccional-de-la-mancomunitat-la-plana\/","title":{"rendered":"Plan de Igualdad Interseccional de la Mancomunitat La Plana"},"content":{"rendered":"<style>#kt-layout-id_382a3a-0a{margin-bottom:0px;}#kt-layout-id_382a3a-0a > .kt-row-column-wrap{align-content:end;}:where(#kt-layout-id_382a3a-0a > .kt-row-column-wrap) > .wp-block-kadence-column{justify-content:end;}#kt-layout-id_382a3a-0a > .kt-row-column-wrap{column-gap:var(--global-kb-gap-md, 2rem);row-gap:var(--global-kb-gap-md, 2rem);max-width:1240px;margin-left:auto;margin-right:auto;padding-top:var( --global-kb-row-default-top, 25px );padding-bottom:var( --global-kb-row-default-bottom, 25px );padding-top:200px;padding-bottom:60px;min-height:322px;grid-template-columns:minmax(0, 1fr);}#kt-layout-id_382a3a-0a{background-color:#088c8e;}#kt-layout-id_382a3a-0a > .kt-row-layout-overlay{opacity:0.30;}@media all and (max-width: 1024px){#kt-layout-id_382a3a-0a > .kt-row-column-wrap{grid-template-columns:minmax(0, 1fr);}}@media all and (max-width: 767px){#kt-layout-id_382a3a-0a > .kt-row-column-wrap{grid-template-columns:minmax(0, 1fr);}}<\/style>\n<div class=\"wp-block-kadence-rowlayout alignfull header-interior\"><div id=\"kt-layout-id_382a3a-0a\" class=\"kt-row-layout-inner kt-row-has-bg kt-layout-id_382a3a-0a\"><div class=\"kt-row-column-wrap kt-has-1-columns kt-gutter-default kt-v-gutter-default kt-row-valign-bottom kt-row-layout-equal kt-tab-layout-inherit kt-m-colapse-left-to-right kt-mobile-layout-row\"><style>.kadence-column_8be2cc-98 > .kt-inside-inner-col{border-top-width:0px;border-right-width:0px;border-bottom-width:0px;border-left-width:0px;}.kadence-column_8be2cc-98 > .kt-inside-inner-col,.kadence-column_8be2cc-98 > .kt-inside-inner-col:before{border-top-left-radius:0px;border-top-right-radius:0px;border-bottom-right-radius:0px;border-bottom-left-radius:0px;}.kadence-column_8be2cc-98 > .kt-inside-inner-col{column-gap:var(--global-kb-gap-sm, 1rem);}.kadence-column_8be2cc-98 > .kt-inside-inner-col{flex-direction:column;}.kadence-column_8be2cc-98 > .kt-inside-inner-col > .aligncenter{width:100%;}.kadence-column_8be2cc-98 > .kt-inside-inner-col:before{opacity:0.3;}.kadence-column_8be2cc-98{position:relative;}@media all and (max-width: 1024px){.kadence-column_8be2cc-98 > .kt-inside-inner-col{flex-direction:column;justify-content:center;}}@media all and (max-width: 767px){.kadence-column_8be2cc-98 > .kt-inside-inner-col{flex-direction:column;justify-content:center;}}<\/style>\n<div class=\"wp-block-kadence-column inner-column-1 kadence-column_8be2cc-98 header-post\"><div class=\"kt-inside-inner-col\">\n<p class=\"etiqueta-titol-post has-white-color has-text-color\"><a href=\"https:\/\/qsl.cat\/projectes\/\" class=\"ek-link\">Projectes<\/a><\/p>\n\n\n\n<\/div><\/div>\n<\/div><\/div><\/div>\n\n\n<style>#kt-layout-id_090d07-df{margin-bottom:0px;}#kt-layout-id_090d07-df > .kt-row-column-wrap{align-content:start;}:where(#kt-layout-id_090d07-df > .kt-row-column-wrap) > .wp-block-kadence-column{justify-content:start;}#kt-layout-id_090d07-df > .kt-row-column-wrap{column-gap:40px;row-gap:var(--global-kb-gap-md, 2rem);max-width:1240px;margin-left:auto;margin-right:auto;padding-top:var( --global-kb-row-default-top, 25px );padding-bottom:var( --global-kb-row-default-bottom, 25px );padding-top:95px;padding-bottom:0px;grid-template-columns:minmax(0, 2fr) minmax(0, 1fr);}#kt-layout-id_090d07-df > .kt-row-layout-overlay{opacity:0.30;}@media all and (max-width: 1024px){#kt-layout-id_090d07-df > .kt-row-column-wrap{grid-template-columns:minmax(0, 2fr) minmax(0, 1fr);}}@media all and (max-width: 767px){#kt-layout-id_090d07-df > .kt-row-column-wrap{grid-template-columns:minmax(0, 1fr);}}<\/style>\n<div class=\"wp-block-kadence-rowlayout alignfull container-subhome subhome-projectes post\"><div id=\"kt-layout-id_090d07-df\" class=\"kt-row-layout-inner kt-row-has-bg kt-layout-id_090d07-df has-white-background-color\"><div class=\"kt-row-column-wrap kt-has-2-columns kt-gutter-wide kt-v-gutter-default kt-row-valign-top kt-row-layout-left-golden kt-tab-layout-left-golden kt-m-colapse-left-to-right kt-mobile-layout-row\"><style>.kadence-column_4b0d0c-7d > .kt-inside-inner-col{border-top-width:0px;border-right-width:0px;border-bottom-width:0px;border-left-width:0px;}.kadence-column_4b0d0c-7d > .kt-inside-inner-col,.kadence-column_4b0d0c-7d > .kt-inside-inner-col:before{border-top-left-radius:0px;border-top-right-radius:0px;border-bottom-right-radius:0px;border-bottom-left-radius:0px;}.kadence-column_4b0d0c-7d > .kt-inside-inner-col{column-gap:var(--global-kb-gap-sm, 1rem);}.kadence-column_4b0d0c-7d > .kt-inside-inner-col{flex-direction:column;}.kadence-column_4b0d0c-7d > .kt-inside-inner-col > .aligncenter{width:100%;}.kadence-column_4b0d0c-7d > .kt-inside-inner-col:before{opacity:0.3;}.kadence-column_4b0d0c-7d{position:relative;}@media all and (max-width: 1024px){.kadence-column_4b0d0c-7d > .kt-inside-inner-col{flex-direction:column;justify-content:center;}}@media all and (max-width: 767px){.kadence-column_4b0d0c-7d > .kt-inside-inner-col{flex-direction:column;justify-content:center;}}<\/style>\n<div class=\"wp-block-kadence-column inner-column-1 kadence-column_4b0d0c-7d article\"><div class=\"kt-inside-inner-col\">\n<figure class=\"wp-block-image size-large\"><img decoding=\"async\" width=\"1024\" height=\"538\" src=\"https:\/\/qsl.cat\/wp-content\/uploads\/2020\/11\/projecte-igualtat-interseccional-mancomunitat-laplana-1024x538.jpg\" alt=\"Plan de Igualdad Interseccional de la Mancomunitat La Plana\" class=\"wp-image-815\" srcset=\"https:\/\/qsl.cat\/wp-content\/uploads\/2020\/11\/projecte-igualtat-interseccional-mancomunitat-laplana-1024x538.jpg 1024w, https:\/\/qsl.cat\/wp-content\/uploads\/2020\/11\/projecte-igualtat-interseccional-mancomunitat-laplana-300x158.jpg 300w, https:\/\/qsl.cat\/wp-content\/uploads\/2020\/11\/projecte-igualtat-interseccional-mancomunitat-laplana-768x403.jpg 768w, https:\/\/qsl.cat\/wp-content\/uploads\/2020\/11\/projecte-igualtat-interseccional-mancomunitat-laplana.jpg 1200w\" sizes=\"(max-width: 1024px) 100vw, 1024px\" \/><\/figure>\n\n\n<style>.wp-block-kadence-advancedheading.kt-adv-heading_2764ac-dc, .wp-block-kadence-advancedheading.kt-adv-heading_2764ac-dc[data-kb-block=\"kb-adv-heading_2764ac-dc\"]{font-style:normal;}.wp-block-kadence-advancedheading.kt-adv-heading_2764ac-dc mark.kt-highlight, .wp-block-kadence-advancedheading.kt-adv-heading_2764ac-dc[data-kb-block=\"kb-adv-heading_2764ac-dc\"] mark.kt-highlight{font-style:normal;color:#f76a0c;-webkit-box-decoration-break:clone;box-decoration-break:clone;padding-top:0px;padding-right:0px;padding-bottom:0px;padding-left:0px;}.wp-block-kadence-advancedheading.kt-adv-heading_2764ac-dc img.kb-inline-image, .wp-block-kadence-advancedheading.kt-adv-heading_2764ac-dc[data-kb-block=\"kb-adv-heading_2764ac-dc\"] img.kb-inline-image{width:150px;vertical-align:baseline;}<\/style>\n<h5 class=\"kt-adv-heading_2764ac-dc wp-block-kadence-advancedheading\" data-kb-block=\"kb-adv-heading_2764ac-dc\">Descripci\u00f3n<\/h5>\n\n\n\n<p>Este Plan se plantea como la intenci\u00f3n de adoptar la perspectiva interseccional sobre la igualdad en las pol\u00edticas p\u00fablicas de la Mancomunitat La Plana (MLP), resultando ser un plan innovador el cual permitir\u00e1 avanzar en el terreno de las pol\u00edticas de igualdad, plantear nuevas formas de trabajar y entender c\u00f3mo los diferentes elementos que configuran la (des)igualdad, en un contexto determinado, se relacionan entre s\u00ed. A la vez, el Plan claramente busca que grupos de poblaci\u00f3n que tradicionalmente han sido excluidos de las llamadas pol\u00edticas de igualdad sean tenidos en cuenta y sus necesidades cubiertas.<\/p>\n\n\n\n<p>El Plan se construye sobre cuatro ejes estrat\u00e9gicos que son: las diversidades sexual, de g\u00e9nero, cultural y de edad. Quedan por tanto fuera del \u00e1mbito de intervenci\u00f3n de este Plan otras dimensiones de la vida social que seguro contribuyen a la (des)igualdad de las personas de la MLP como podr\u00edan ser el grado de discapacidad o la clase social, entre otras.<\/p>\n<\/div><\/div>\n\n\n<style>.kadence-column_ffacc3-41 > .kt-inside-inner-col{border-top-width:0px;border-right-width:0px;border-bottom-width:0px;border-left-width:0px;}.kadence-column_ffacc3-41 > .kt-inside-inner-col,.kadence-column_ffacc3-41 > .kt-inside-inner-col:before{border-top-left-radius:0px;border-top-right-radius:0px;border-bottom-right-radius:0px;border-bottom-left-radius:0px;}.kadence-column_ffacc3-41 > .kt-inside-inner-col{column-gap:var(--global-kb-gap-sm, 1rem);}.kadence-column_ffacc3-41 > .kt-inside-inner-col{flex-direction:column;}.kadence-column_ffacc3-41 > .kt-inside-inner-col > .aligncenter{width:100%;}.kadence-column_ffacc3-41 > .kt-inside-inner-col:before{opacity:0.3;}.kadence-column_ffacc3-41{position:relative;}@media all and (max-width: 1024px){.kadence-column_ffacc3-41 > .kt-inside-inner-col{flex-direction:column;justify-content:center;}}@media all and (max-width: 767px){.kadence-column_ffacc3-41 > .kt-inside-inner-col{flex-direction:column;justify-content:center;}}<\/style>\n<div class=\"wp-block-kadence-column inner-column-2 kadence-column_ffacc3-41 sidebar\"><div class=\"kt-inside-inner-col\">\n<p class=\"titol--1\">\u00c1mbitos<\/p>\n\n\n<p class=\"titol--1\">Servicios<\/p>\n\n\n\n\n<p class=\"titol--2\">Para<\/p>\n\n\n\n<ul class=\"is-style-none links wp-block-list\" style=\"color:#088c8e\">\n<li><a href=\"https:\/\/www.mancoplana.cat\/\" target=\"_blank\" aria-label=\"Mancomunitat La Plana (opens in a new tab)\" rel=\"noreferrer noopener\" class=\"ek-link\">Mancomunitat La Plana<\/a><\/li>\n<\/ul>\n\n\n<\/div><\/div>\n<\/div><\/div><\/div>\n","protected":false},"excerpt":{"rendered":"<p>Este Plan se plantea como un intento de adopci\u00f3n de una perspectiva interseccional sobre la igualdad en las pol\u00edticas p\u00fablicas de la Mancomunidad La Plana (MLP)<\/p>\n","protected":false},"author":4,"featured_media":2288,"comment_status":"closed","ping_status":"closed","sticky":false,"template":"","format":"standard","meta":{"_editorskit_title_hidden":false,"_editorskit_reading_time":1,"_editorskit_is_block_options_detached":false,"_editorskit_block_options_position":"{}","inline_featured_image":false,"_kad_blocks_custom_css":"","_kad_blocks_head_custom_js":"","_kad_blocks_body_custom_js":"","_kad_blocks_footer_custom_js":"","footnotes":""},"categories":[852,44,56,61,62,69,80],"tags":[83],"sp_smart_badges":[],"class_list":{"0":"post-1673","1":"post","2":"type-post","3":"status-publish","4":"format-standard","5":"has-post-thumbnail","6":"hentry","7":"category-interseccionalidad","8":"category-proyecto","9":"category-servicio","10":"category-consultoria-asesorias","11":"category-consultoria-destacados","12":"category-ambito","13":"category-participacion","14":"tag-proyecto","16":"with-featured-image"},"taxonomy_info":{"category":[{"value":852,"label":"Interseccionalidad"},{"value":44,"label":"Proyecto"},{"value":56,"label":"Servicio"},{"value":61,"label":"Consultor\u00eda \/ Asesor\u00edas"},{"value":62,"label":"Destacado"},{"value":69,"label":"\u00c1mbito"},{"value":80,"label":"Participaci\u00f3n"}],"post_tag":[{"value":83,"label":"Proyecto"}]},"featured_image_src_large":["https:\/\/qsl.cat\/wp-content\/uploads\/2020\/11\/43_MLP-quadrat.png",200,200,false],"author_info":{"display_name":"ideadmyn","author_link":"https:\/\/qsl.cat\/es\/author\/ideadmyn\/"},"comment_info":0,"category_info":[{"term_id":852,"name":"Interseccionalidad","slug":"interseccionalidad","term_group":0,"term_taxonomy_id":852,"taxonomy":"category","description":"","parent":69,"count":3,"filter":"raw","term_order":"0","cat_ID":852,"category_count":3,"category_description":"","cat_name":"Interseccionalidad","category_nicename":"interseccionalidad","category_parent":69},{"term_id":44,"name":"Proyecto","slug":"proyecto","term_group":0,"term_taxonomy_id":44,"taxonomy":"category","description":"","parent":0,"count":67,"filter":"raw","term_order":"0","cat_ID":44,"category_count":67,"category_description":"","cat_name":"Proyecto","category_nicename":"proyecto","category_parent":0},{"term_id":56,"name":"Servicio","slug":"servicio","term_group":0,"term_taxonomy_id":56,"taxonomy":"category","description":"","parent":44,"count":64,"filter":"raw","term_order":"0","cat_ID":56,"category_count":64,"category_description":"","cat_name":"Servicio","category_nicename":"servicio","category_parent":44},{"term_id":61,"name":"Consultor\u00eda \/ Asesor\u00edas","slug":"consultoria-asesorias","term_group":0,"term_taxonomy_id":61,"taxonomy":"category","description":"","parent":56,"count":21,"filter":"raw","term_order":"0","cat_ID":61,"category_count":21,"category_description":"","cat_name":"Consultor\u00eda \/ Asesor\u00edas","category_nicename":"consultoria-asesorias","category_parent":56},{"term_id":62,"name":"Destacado","slug":"consultoria-destacados","term_group":0,"term_taxonomy_id":62,"taxonomy":"category","description":"","parent":61,"count":5,"filter":"raw","term_order":"0","cat_ID":62,"category_count":5,"category_description":"","cat_name":"Destacado","category_nicename":"consultoria-destacados","category_parent":61},{"term_id":69,"name":"\u00c1mbito","slug":"ambito","term_group":0,"term_taxonomy_id":69,"taxonomy":"category","description":"","parent":44,"count":65,"filter":"raw","term_order":"0","cat_ID":69,"category_count":65,"category_description":"","cat_name":"\u00c1mbito","category_nicename":"ambito","category_parent":44},{"term_id":80,"name":"Participaci\u00f3n","slug":"participacion","term_group":0,"term_taxonomy_id":80,"taxonomy":"category","description":"","parent":69,"count":22,"filter":"raw","term_order":"0","cat_ID":80,"category_count":22,"category_description":"","cat_name":"Participaci\u00f3n","category_nicename":"participacion","category_parent":69}],"tag_info":[{"term_id":83,"name":"Proyecto","slug":"proyecto","term_group":0,"term_taxonomy_id":83,"taxonomy":"post_tag","description":"","parent":0,"count":67,"filter":"raw","term_order":"0"}],"featured_image_src":"https:\/\/qsl.cat\/wp-content\/uploads\/2020\/11\/43_MLP-quadrat.png","featured_image_src_square":"https:\/\/qsl.cat\/wp-content\/uploads\/2020\/11\/43_MLP-quadrat.png","_links":{"self":[{"href":"https:\/\/qsl.cat\/es\/wp-json\/wp\/v2\/posts\/1673","targetHints":{"allow":["GET"]}}],"collection":[{"href":"https:\/\/qsl.cat\/es\/wp-json\/wp\/v2\/posts"}],"about":[{"href":"https:\/\/qsl.cat\/es\/wp-json\/wp\/v2\/types\/post"}],"author":[{"embeddable":true,"href":"https:\/\/qsl.cat\/es\/wp-json\/wp\/v2\/users\/4"}],"replies":[{"embeddable":true,"href":"https:\/\/qsl.cat\/es\/wp-json\/wp\/v2\/comments?post=1673"}],"version-history":[{"count":2,"href":"https:\/\/qsl.cat\/es\/wp-json\/wp\/v2\/posts\/1673\/revisions"}],"predecessor-version":[{"id":3594,"href":"https:\/\/qsl.cat\/es\/wp-json\/wp\/v2\/posts\/1673\/revisions\/3594"}],"wp:featuredmedia":[{"embeddable":true,"href":"https:\/\/qsl.cat\/es\/wp-json\/wp\/v2\/media\/2288"}],"wp:attachment":[{"href":"https:\/\/qsl.cat\/es\/wp-json\/wp\/v2\/media?parent=1673"}],"wp:term":[{"taxonomy":"category","embeddable":true,"href":"https:\/\/qsl.cat\/es\/wp-json\/wp\/v2\/categories?post=1673"},{"taxonomy":"post_tag","embeddable":true,"href":"https:\/\/qsl.cat\/es\/wp-json\/wp\/v2\/tags?post=1673"},{"taxonomy":"sp_smart_badges","embeddable":true,"href":"https:\/\/qsl.cat\/es\/wp-json\/wp\/v2\/sp_smart_badges?post=1673"}],"curies":[{"name":"wp","href":"https:\/\/api.w.org\/{rel}","templated":true}]}}