{"id":1594,"date":"2021-02-09T11:48:00","date_gmt":"2021-02-09T11:48:00","guid":{"rendered":"https:\/\/qsl.cat\/?p=1594"},"modified":"2022-12-20T11:09:25","modified_gmt":"2022-12-20T11:09:25","slug":"audiencia-publica-a-las-chicas-y-chicos-de-barcelona","status":"publish","type":"post","link":"https:\/\/qsl.cat\/es\/audiencia-publica-a-las-chicas-y-chicos-de-barcelona\/","title":{"rendered":"Audiencia P\u00fablica a las Chicas y Chicos de Barcelona"},"content":{"rendered":"<style>#kt-layout-id_382a3a-0a{margin-bottom:0px;}#kt-layout-id_382a3a-0a > .kt-row-column-wrap{align-content:end;}:where(#kt-layout-id_382a3a-0a > .kt-row-column-wrap) > .wp-block-kadence-column{justify-content:end;}#kt-layout-id_382a3a-0a > .kt-row-column-wrap{column-gap:var(--global-kb-gap-md, 2rem);row-gap:var(--global-kb-gap-md, 2rem);max-width:1240px;margin-left:auto;margin-right:auto;padding-top:var( --global-kb-row-default-top, 25px );padding-bottom:var( --global-kb-row-default-bottom, 25px );padding-top:200px;padding-bottom:60px;min-height:322px;grid-template-columns:minmax(0, 1fr);}#kt-layout-id_382a3a-0a{background-color:#088c8e;}#kt-layout-id_382a3a-0a > .kt-row-layout-overlay{opacity:0.30;}@media all and (max-width: 1024px){#kt-layout-id_382a3a-0a > .kt-row-column-wrap{grid-template-columns:minmax(0, 1fr);}}@media all and (max-width: 767px){#kt-layout-id_382a3a-0a > .kt-row-column-wrap{grid-template-columns:minmax(0, 1fr);}}<\/style>\n<div class=\"wp-block-kadence-rowlayout alignfull header-interior\"><div id=\"kt-layout-id_382a3a-0a\" class=\"kt-row-layout-inner kt-row-has-bg kt-layout-id_382a3a-0a\"><div class=\"kt-row-column-wrap kt-has-1-columns kt-gutter-default kt-v-gutter-default kt-row-valign-bottom kt-row-layout-equal kt-tab-layout-inherit kt-m-colapse-left-to-right kt-mobile-layout-row\"><style>.kadence-column_8be2cc-98 > .kt-inside-inner-col{border-top-width:0px;border-right-width:0px;border-bottom-width:0px;border-left-width:0px;}.kadence-column_8be2cc-98 > .kt-inside-inner-col,.kadence-column_8be2cc-98 > .kt-inside-inner-col:before{border-top-left-radius:0px;border-top-right-radius:0px;border-bottom-right-radius:0px;border-bottom-left-radius:0px;}.kadence-column_8be2cc-98 > .kt-inside-inner-col{column-gap:var(--global-kb-gap-sm, 1rem);}.kadence-column_8be2cc-98 > .kt-inside-inner-col{flex-direction:column;}.kadence-column_8be2cc-98 > .kt-inside-inner-col > .aligncenter{width:100%;}.kadence-column_8be2cc-98 > .kt-inside-inner-col:before{opacity:0.3;}.kadence-column_8be2cc-98{position:relative;}@media all and (max-width: 1024px){.kadence-column_8be2cc-98 > .kt-inside-inner-col{flex-direction:column;justify-content:center;}}@media all and (max-width: 767px){.kadence-column_8be2cc-98 > .kt-inside-inner-col{flex-direction:column;justify-content:center;}}<\/style>\n<div class=\"wp-block-kadence-column inner-column-1 kadence-column_8be2cc-98 header-post\"><div class=\"kt-inside-inner-col\">\n<p class=\"etiqueta-titol-post has-white-color has-text-color\"><a href=\"https:\/\/qsl.cat\/projectes\/\" class=\"ek-link\">Projectes<\/a><\/p>\n\n\n\n<\/div><\/div>\n<\/div><\/div><\/div>\n\n\n<style>#kt-layout-id_090d07-df{margin-bottom:0px;}#kt-layout-id_090d07-df > .kt-row-column-wrap{align-content:start;}:where(#kt-layout-id_090d07-df > .kt-row-column-wrap) > .wp-block-kadence-column{justify-content:start;}#kt-layout-id_090d07-df > .kt-row-column-wrap{column-gap:40px;row-gap:var(--global-kb-gap-md, 2rem);max-width:1240px;margin-left:auto;margin-right:auto;padding-top:var( --global-kb-row-default-top, 25px );padding-bottom:var( --global-kb-row-default-bottom, 25px );padding-top:95px;padding-bottom:0px;grid-template-columns:minmax(0, 2fr) minmax(0, 1fr);}#kt-layout-id_090d07-df > .kt-row-layout-overlay{opacity:0.30;}@media all and (max-width: 1024px){#kt-layout-id_090d07-df > .kt-row-column-wrap{grid-template-columns:minmax(0, 2fr) minmax(0, 1fr);}}@media all and (max-width: 767px){#kt-layout-id_090d07-df > .kt-row-column-wrap{grid-template-columns:minmax(0, 1fr);}}<\/style>\n<div class=\"wp-block-kadence-rowlayout alignfull container-subhome subhome-projectes post\"><div id=\"kt-layout-id_090d07-df\" class=\"kt-row-layout-inner kt-row-has-bg kt-layout-id_090d07-df has-white-background-color\"><div class=\"kt-row-column-wrap kt-has-2-columns kt-gutter-wide kt-v-gutter-default kt-row-valign-top kt-row-layout-left-golden kt-tab-layout-left-golden kt-m-colapse-left-to-right kt-mobile-layout-row\"><style>.kadence-column_4b0d0c-7d > .kt-inside-inner-col{border-top-width:0px;border-right-width:0px;border-bottom-width:0px;border-left-width:0px;}.kadence-column_4b0d0c-7d > .kt-inside-inner-col,.kadence-column_4b0d0c-7d > .kt-inside-inner-col:before{border-top-left-radius:0px;border-top-right-radius:0px;border-bottom-right-radius:0px;border-bottom-left-radius:0px;}.kadence-column_4b0d0c-7d > .kt-inside-inner-col{column-gap:var(--global-kb-gap-sm, 1rem);}.kadence-column_4b0d0c-7d > .kt-inside-inner-col{flex-direction:column;}.kadence-column_4b0d0c-7d > .kt-inside-inner-col > .aligncenter{width:100%;}.kadence-column_4b0d0c-7d > .kt-inside-inner-col:before{opacity:0.3;}.kadence-column_4b0d0c-7d{position:relative;}@media all and (max-width: 1024px){.kadence-column_4b0d0c-7d > .kt-inside-inner-col{flex-direction:column;justify-content:center;}}@media all and (max-width: 767px){.kadence-column_4b0d0c-7d > .kt-inside-inner-col{flex-direction:column;justify-content:center;}}<\/style>\n<div class=\"wp-block-kadence-column inner-column-1 kadence-column_4b0d0c-7d article\"><div class=\"kt-inside-inner-col\">\n<figure class=\"wp-block-image size-large\"><img decoding=\"async\" width=\"1024\" height=\"538\" src=\"https:\/\/qsl.cat\/wp-content\/uploads\/2020\/11\/projecte-audiencia-nois-barcelona-1024x538.jpg\" alt=\"Audiencia P\u00fablica a las Chicas y Chicos de Barcelona\" class=\"wp-image-160\" srcset=\"https:\/\/qsl.cat\/wp-content\/uploads\/2020\/11\/projecte-audiencia-nois-barcelona-1024x538.jpg 1024w, https:\/\/qsl.cat\/wp-content\/uploads\/2020\/11\/projecte-audiencia-nois-barcelona-300x158.jpg 300w, https:\/\/qsl.cat\/wp-content\/uploads\/2020\/11\/projecte-audiencia-nois-barcelona-768x403.jpg 768w, https:\/\/qsl.cat\/wp-content\/uploads\/2020\/11\/projecte-audiencia-nois-barcelona.jpg 1200w\" sizes=\"(max-width: 1024px) 100vw, 1024px\" \/><\/figure>\n\n\n<style>.wp-block-kadence-advancedheading.kt-adv-heading_2764ac-dc, .wp-block-kadence-advancedheading.kt-adv-heading_2764ac-dc[data-kb-block=\"kb-adv-heading_2764ac-dc\"]{font-style:normal;}.wp-block-kadence-advancedheading.kt-adv-heading_2764ac-dc mark.kt-highlight, .wp-block-kadence-advancedheading.kt-adv-heading_2764ac-dc[data-kb-block=\"kb-adv-heading_2764ac-dc\"] mark.kt-highlight{font-style:normal;color:#f76a0c;-webkit-box-decoration-break:clone;box-decoration-break:clone;padding-top:0px;padding-right:0px;padding-bottom:0px;padding-left:0px;}.wp-block-kadence-advancedheading.kt-adv-heading_2764ac-dc img.kb-inline-image, .wp-block-kadence-advancedheading.kt-adv-heading_2764ac-dc[data-kb-block=\"kb-adv-heading_2764ac-dc\"] img.kb-inline-image{width:150px;vertical-align:baseline;}<\/style>\n<h5 class=\"kt-adv-heading_2764ac-dc wp-block-kadence-advancedheading\" data-kb-block=\"kb-adv-heading_2764ac-dc\">Descripci\u00f3n<\/h5>\n\n\n\n<p>La <strong><a aria-label=\"Audi\u00e8ncia P\u00fablica a les Noies i Nois (opens in a new tab)\" href=\"https:\/\/ajuntament.barcelona.cat\/ccivics\/casagroga\" target=\"_blank\" rel=\"noreferrer noopener\" class=\"ek-link\">Audiencia P\u00fablica a las Chicas y Chicos de Barcelona<\/a><\/strong> es un proyecto de participaci\u00f3n infantil y juvenil en el que a\u00f1o tras a\u00f1o, alrededor de 2.500 j\u00f3venes de entre 11 y 16 a\u00f1os de la ciudad de Barcelona realizan un proceso de participaci\u00f3n para hacer propuestas al Ayuntamiento. Cada a\u00f1o se realiza en torno a una tem\u00e1tica diferente, actual y de importancia para la ciudadan\u00eda. <\/p>\n\n\n\n<p>El proyecto se realiza durante el curso escolar y comienza en octubre con el encargo de la Alcaldesa de Barcelona y de la Comisionada de Educaci\u00f3n. Durante el curso, los participantes combinan el trabajo con un material did\u00e1ctico en el centro educativo y los encuentros intergrupos con otros centros del Distrito o de la Ciudad. El proyecto tiene la finalidad de consensuar un manifiesto que se entrega a la Alcaldesa de Barcelona y a los Concejales de cada Distrito mediante un acto de audiencia p\u00fablica con todas las personas participantes.<\/p>\n\n\n\n<p>Finalmente, desde el Ayuntamiento se da la respuesta a las propuestas de los chicos y chicas.<\/p>\n<\/div><\/div>\n\n\n<style>.kadence-column_ffacc3-41 > .kt-inside-inner-col{border-top-width:0px;border-right-width:0px;border-bottom-width:0px;border-left-width:0px;}.kadence-column_ffacc3-41 > .kt-inside-inner-col,.kadence-column_ffacc3-41 > .kt-inside-inner-col:before{border-top-left-radius:0px;border-top-right-radius:0px;border-bottom-right-radius:0px;border-bottom-left-radius:0px;}.kadence-column_ffacc3-41 > .kt-inside-inner-col{column-gap:var(--global-kb-gap-sm, 1rem);}.kadence-column_ffacc3-41 > .kt-inside-inner-col{flex-direction:column;}.kadence-column_ffacc3-41 > .kt-inside-inner-col > .aligncenter{width:100%;}.kadence-column_ffacc3-41 > .kt-inside-inner-col:before{opacity:0.3;}.kadence-column_ffacc3-41{position:relative;}@media all and (max-width: 1024px){.kadence-column_ffacc3-41 > .kt-inside-inner-col{flex-direction:column;justify-content:center;}}@media all and (max-width: 767px){.kadence-column_ffacc3-41 > .kt-inside-inner-col{flex-direction:column;justify-content:center;}}<\/style>\n<div class=\"wp-block-kadence-column inner-column-2 kadence-column_ffacc3-41 sidebar\"><div class=\"kt-inside-inner-col\">\n<p class=\"titol--1\">\u00c1mbitos<\/p>\n\n\n<p class=\"titol--1\">Servicios<\/p>\n\n\n\n\n<p class=\"titol--2\">Para<\/p>\n\n\n\n<ul class=\"is-style-none links wp-block-list\" style=\"color:#088c8e\">\n<li><a aria-label=\" (opens in a new tab)\" href=\"https:\/\/ajuntament.barcelona.cat\/horta-guinardo\/ca\" target=\"_blank\" rel=\"noreferrer noopener\" class=\"ek-link\">Ajuntament de Barcelona. Institut Municipal d&#8217;Educaci\u00f3<\/a><\/li>\n<\/ul>\n\n\n\n<p class=\"titol--2\">M\u00e1s informaci\u00f3n<\/p>\n\n\n\n<ul class=\"is-style-none links wp-block-list\" style=\"color:#088c8e\">\n<li><a rel=\"noreferrer noopener\" href=\"https:\/\/ajuntament.barcelona.cat\/ccivics\/casagroga\" target=\"_blank\" class=\"ek-link\">Audi\u00e8ncia P\u00fablica als nois i noies de Barcelona<\/a><\/li>\n\n\n\n<li><a href=\"https:\/\/www.facebook.com\/audienciapublica\" target=\"_blank\" aria-label=\"Facebook (opens in a new tab)\" rel=\"noreferrer noopener\" class=\"ek-link\">Facebook<\/a><\/li>\n<\/ul>\n\n\n<\/div><\/div>\n<\/div><\/div><\/div>\n","protected":false},"excerpt":{"rendered":"<p>La Audiencia P\u00fablica a las Chicas y Chicos de Barcelona es una forma de participaci\u00f3n a trav\u00e9s de la cual los alumnos (de 6\u00ba de primaria, secundaria o bachillerato) hace propuestas a la Administraci\u00f3n municipal.<\/p>\n","protected":false},"author":4,"featured_media":1240,"comment_status":"closed","ping_status":"closed","sticky":false,"template":"","format":"standard","meta":{"_editorskit_title_hidden":false,"_editorskit_reading_time":1,"_editorskit_is_block_options_detached":false,"_editorskit_block_options_position":"{}","inline_featured_image":false,"_kad_blocks_custom_css":"","_kad_blocks_head_custom_js":"","_kad_blocks_body_custom_js":"","_kad_blocks_footer_custom_js":"","footnotes":""},"categories":[44,56,59,67,69,72,73,80,81],"tags":[83],"sp_smart_badges":[],"class_list":{"0":"post-1594","1":"post","2":"type-post","3":"status-publish","4":"format-standard","5":"has-post-thumbnail","6":"hentry","7":"category-proyecto","8":"category-servicio","9":"category-conceptualizacion","10":"category-gestion-tecnica-jornadas-congresos","11":"category-ambito","12":"category-educacion","13":"category-educacion-destacados","14":"category-participacion","15":"category-participacion-destacados","16":"tag-proyecto","18":"with-featured-image"},"taxonomy_info":{"category":[{"value":44,"label":"Proyecto"},{"value":56,"label":"Servicio"},{"value":59,"label":"Conceptualizaci\u00f3n y producci\u00f3n de proyectos y programas"},{"value":67,"label":"Gesti\u00f3n t\u00e9cnica de jornadas y congresos"},{"value":69,"label":"\u00c1mbito"},{"value":72,"label":"Educaci\u00f3n"},{"value":73,"label":"Destacado"},{"value":80,"label":"Participaci\u00f3n"},{"value":81,"label":"Destacado"}],"post_tag":[{"value":83,"label":"Proyecto"}]},"featured_image_src_large":["https:\/\/qsl.cat\/wp-content\/uploads\/2020\/11\/projecte-audiencia-nois-barcelona-1024x538.jpg",905,475,true],"author_info":{"display_name":"ideadmyn","author_link":"https:\/\/qsl.cat\/es\/author\/ideadmyn\/"},"comment_info":0,"category_info":[{"term_id":44,"name":"Proyecto","slug":"proyecto","term_group":0,"term_taxonomy_id":44,"taxonomy":"category","description":"","parent":0,"count":67,"filter":"raw","term_order":"0","cat_ID":44,"category_count":67,"category_description":"","cat_name":"Proyecto","category_nicename":"proyecto","category_parent":0},{"term_id":56,"name":"Servicio","slug":"servicio","term_group":0,"term_taxonomy_id":56,"taxonomy":"category","description":"","parent":44,"count":64,"filter":"raw","term_order":"0","cat_ID":56,"category_count":64,"category_description":"","cat_name":"Servicio","category_nicename":"servicio","category_parent":44},{"term_id":59,"name":"Conceptualizaci\u00f3n y producci\u00f3n de proyectos y programas","slug":"conceptualizacion","term_group":0,"term_taxonomy_id":59,"taxonomy":"category","description":"","parent":56,"count":34,"filter":"raw","term_order":"0","cat_ID":59,"category_count":34,"category_description":"","cat_name":"Conceptualizaci\u00f3n y producci\u00f3n de proyectos y programas","category_nicename":"conceptualizacion","category_parent":56},{"term_id":67,"name":"Gesti\u00f3n t\u00e9cnica de jornadas y congresos","slug":"gestion-tecnica-jornadas-congresos","term_group":0,"term_taxonomy_id":67,"taxonomy":"category","description":"","parent":56,"count":12,"filter":"raw","term_order":"0","cat_ID":67,"category_count":12,"category_description":"","cat_name":"Gesti\u00f3n t\u00e9cnica de jornadas y congresos","category_nicename":"gestion-tecnica-jornadas-congresos","category_parent":56},{"term_id":69,"name":"\u00c1mbito","slug":"ambito","term_group":0,"term_taxonomy_id":69,"taxonomy":"category","description":"","parent":44,"count":65,"filter":"raw","term_order":"0","cat_ID":69,"category_count":65,"category_description":"","cat_name":"\u00c1mbito","category_nicename":"ambito","category_parent":44},{"term_id":72,"name":"Educaci\u00f3n","slug":"educacion","term_group":0,"term_taxonomy_id":72,"taxonomy":"category","description":"","parent":69,"count":14,"filter":"raw","term_order":"0","cat_ID":72,"category_count":14,"category_description":"","cat_name":"Educaci\u00f3n","category_nicename":"educacion","category_parent":69},{"term_id":73,"name":"Destacado","slug":"educacion-destacados","term_group":0,"term_taxonomy_id":73,"taxonomy":"category","description":"","parent":72,"count":4,"filter":"raw","term_order":"0","cat_ID":73,"category_count":4,"category_description":"","cat_name":"Destacado","category_nicename":"educacion-destacados","category_parent":72},{"term_id":80,"name":"Participaci\u00f3n","slug":"participacion","term_group":0,"term_taxonomy_id":80,"taxonomy":"category","description":"","parent":69,"count":22,"filter":"raw","term_order":"0","cat_ID":80,"category_count":22,"category_description":"","cat_name":"Participaci\u00f3n","category_nicename":"participacion","category_parent":69},{"term_id":81,"name":"Destacado","slug":"participacion-destacados","term_group":0,"term_taxonomy_id":81,"taxonomy":"category","description":"","parent":80,"count":6,"filter":"raw","term_order":"0","cat_ID":81,"category_count":6,"category_description":"","cat_name":"Destacado","category_nicename":"participacion-destacados","category_parent":80}],"tag_info":[{"term_id":83,"name":"Proyecto","slug":"proyecto","term_group":0,"term_taxonomy_id":83,"taxonomy":"post_tag","description":"","parent":0,"count":67,"filter":"raw","term_order":"0"}],"featured_image_src":"https:\/\/qsl.cat\/wp-content\/uploads\/2020\/11\/projecte-audiencia-nois-barcelona-600x400.jpg","featured_image_src_square":"https:\/\/qsl.cat\/wp-content\/uploads\/2020\/11\/projecte-audiencia-nois-barcelona-600x600.jpg","_links":{"self":[{"href":"https:\/\/qsl.cat\/es\/wp-json\/wp\/v2\/posts\/1594","targetHints":{"allow":["GET"]}}],"collection":[{"href":"https:\/\/qsl.cat\/es\/wp-json\/wp\/v2\/posts"}],"about":[{"href":"https:\/\/qsl.cat\/es\/wp-json\/wp\/v2\/types\/post"}],"author":[{"embeddable":true,"href":"https:\/\/qsl.cat\/es\/wp-json\/wp\/v2\/users\/4"}],"replies":[{"embeddable":true,"href":"https:\/\/qsl.cat\/es\/wp-json\/wp\/v2\/comments?post=1594"}],"version-history":[{"count":2,"href":"https:\/\/qsl.cat\/es\/wp-json\/wp\/v2\/posts\/1594\/revisions"}],"predecessor-version":[{"id":3575,"href":"https:\/\/qsl.cat\/es\/wp-json\/wp\/v2\/posts\/1594\/revisions\/3575"}],"wp:featuredmedia":[{"embeddable":true,"href":"https:\/\/qsl.cat\/es\/wp-json\/wp\/v2\/media\/1240"}],"wp:attachment":[{"href":"https:\/\/qsl.cat\/es\/wp-json\/wp\/v2\/media?parent=1594"}],"wp:term":[{"taxonomy":"category","embeddable":true,"href":"https:\/\/qsl.cat\/es\/wp-json\/wp\/v2\/categories?post=1594"},{"taxonomy":"post_tag","embeddable":true,"href":"https:\/\/qsl.cat\/es\/wp-json\/wp\/v2\/tags?post=1594"},{"taxonomy":"sp_smart_badges","embeddable":true,"href":"https:\/\/qsl.cat\/es\/wp-json\/wp\/v2\/sp_smart_badges?post=1594"}],"curies":[{"name":"wp","href":"https:\/\/api.w.org\/{rel}","templated":true}]}}