{"id":1542,"date":"2021-02-26T16:43:00","date_gmt":"2021-02-26T16:43:00","guid":{"rendered":"https:\/\/qsl.cat\/?p=1542"},"modified":"2022-12-20T11:06:29","modified_gmt":"2022-12-20T11:06:29","slug":"centro-civico-carmel","status":"publish","type":"post","link":"https:\/\/qsl.cat\/es\/centro-civico-carmel\/","title":{"rendered":"Centro C\u00edvico Carmel"},"content":{"rendered":"<style>#kt-layout-id_382a3a-0a{margin-bottom:0px;}#kt-layout-id_382a3a-0a > .kt-row-column-wrap{align-content:end;}:where(#kt-layout-id_382a3a-0a > .kt-row-column-wrap) > .wp-block-kadence-column{justify-content:end;}#kt-layout-id_382a3a-0a > .kt-row-column-wrap{column-gap:var(--global-kb-gap-md, 2rem);row-gap:var(--global-kb-gap-md, 2rem);max-width:1240px;margin-left:auto;margin-right:auto;padding-top:var( --global-kb-row-default-top, 25px );padding-bottom:var( --global-kb-row-default-bottom, 25px );padding-top:200px;padding-bottom:60px;min-height:322px;grid-template-columns:minmax(0, 1fr);}#kt-layout-id_382a3a-0a{background-color:#088c8e;}#kt-layout-id_382a3a-0a > .kt-row-layout-overlay{opacity:0.30;}@media all and (max-width: 1024px){#kt-layout-id_382a3a-0a > .kt-row-column-wrap{grid-template-columns:minmax(0, 1fr);}}@media all and (max-width: 767px){#kt-layout-id_382a3a-0a > .kt-row-column-wrap{grid-template-columns:minmax(0, 1fr);}}<\/style>\n<div class=\"wp-block-kadence-rowlayout alignfull header-interior\"><div id=\"kt-layout-id_382a3a-0a\" class=\"kt-row-layout-inner kt-row-has-bg kt-layout-id_382a3a-0a\"><div class=\"kt-row-column-wrap kt-has-1-columns kt-gutter-default kt-v-gutter-default kt-row-valign-bottom kt-row-layout-equal kt-tab-layout-inherit kt-m-colapse-left-to-right kt-mobile-layout-row\"><style>.kadence-column_8be2cc-98 > .kt-inside-inner-col{border-top-width:0px;border-right-width:0px;border-bottom-width:0px;border-left-width:0px;}.kadence-column_8be2cc-98 > .kt-inside-inner-col,.kadence-column_8be2cc-98 > .kt-inside-inner-col:before{border-top-left-radius:0px;border-top-right-radius:0px;border-bottom-right-radius:0px;border-bottom-left-radius:0px;}.kadence-column_8be2cc-98 > .kt-inside-inner-col{column-gap:var(--global-kb-gap-sm, 1rem);}.kadence-column_8be2cc-98 > .kt-inside-inner-col{flex-direction:column;}.kadence-column_8be2cc-98 > .kt-inside-inner-col > .aligncenter{width:100%;}.kadence-column_8be2cc-98 > .kt-inside-inner-col:before{opacity:0.3;}.kadence-column_8be2cc-98{position:relative;}@media all and (max-width: 1024px){.kadence-column_8be2cc-98 > .kt-inside-inner-col{flex-direction:column;justify-content:center;}}@media all and (max-width: 767px){.kadence-column_8be2cc-98 > .kt-inside-inner-col{flex-direction:column;justify-content:center;}}<\/style>\n<div class=\"wp-block-kadence-column inner-column-1 kadence-column_8be2cc-98 header-post\"><div class=\"kt-inside-inner-col\">\n<p class=\"etiqueta-titol-post has-white-color has-text-color\"><a href=\"https:\/\/qsl.cat\/projectes\/\" class=\"ek-link\">Projectes<\/a><\/p>\n\n\n\n<\/div><\/div>\n<\/div><\/div><\/div>\n\n\n<style>#kt-layout-id_090d07-df{margin-bottom:0px;}#kt-layout-id_090d07-df > .kt-row-column-wrap{align-content:start;}:where(#kt-layout-id_090d07-df > .kt-row-column-wrap) > .wp-block-kadence-column{justify-content:start;}#kt-layout-id_090d07-df > .kt-row-column-wrap{column-gap:40px;row-gap:var(--global-kb-gap-md, 2rem);max-width:1240px;margin-left:auto;margin-right:auto;padding-top:var( --global-kb-row-default-top, 25px );padding-bottom:var( --global-kb-row-default-bottom, 25px );padding-top:95px;padding-bottom:0px;grid-template-columns:minmax(0, 2fr) minmax(0, 1fr);}#kt-layout-id_090d07-df > .kt-row-layout-overlay{opacity:0.30;}@media all and (max-width: 1024px){#kt-layout-id_090d07-df > .kt-row-column-wrap{grid-template-columns:minmax(0, 2fr) minmax(0, 1fr);}}@media all and (max-width: 767px){#kt-layout-id_090d07-df > .kt-row-column-wrap{grid-template-columns:minmax(0, 1fr);}}<\/style>\n<div class=\"wp-block-kadence-rowlayout alignfull container-subhome subhome-projectes post\"><div id=\"kt-layout-id_090d07-df\" class=\"kt-row-layout-inner kt-row-has-bg kt-layout-id_090d07-df has-white-background-color\"><div class=\"kt-row-column-wrap kt-has-2-columns kt-gutter-wide kt-v-gutter-default kt-row-valign-top kt-row-layout-left-golden kt-tab-layout-left-golden kt-m-colapse-left-to-right kt-mobile-layout-row\"><style>.kadence-column_4b0d0c-7d > .kt-inside-inner-col{border-top-width:0px;border-right-width:0px;border-bottom-width:0px;border-left-width:0px;}.kadence-column_4b0d0c-7d > .kt-inside-inner-col,.kadence-column_4b0d0c-7d > .kt-inside-inner-col:before{border-top-left-radius:0px;border-top-right-radius:0px;border-bottom-right-radius:0px;border-bottom-left-radius:0px;}.kadence-column_4b0d0c-7d > .kt-inside-inner-col{column-gap:var(--global-kb-gap-sm, 1rem);}.kadence-column_4b0d0c-7d > .kt-inside-inner-col{flex-direction:column;}.kadence-column_4b0d0c-7d > .kt-inside-inner-col > .aligncenter{width:100%;}.kadence-column_4b0d0c-7d > .kt-inside-inner-col:before{opacity:0.3;}.kadence-column_4b0d0c-7d{position:relative;}@media all and (max-width: 1024px){.kadence-column_4b0d0c-7d > .kt-inside-inner-col{flex-direction:column;justify-content:center;}}@media all and (max-width: 767px){.kadence-column_4b0d0c-7d > .kt-inside-inner-col{flex-direction:column;justify-content:center;}}<\/style>\n<div class=\"wp-block-kadence-column inner-column-1 kadence-column_4b0d0c-7d article\"><div class=\"kt-inside-inner-col\">\n<figure class=\"wp-block-image size-large\"><img decoding=\"async\" width=\"1024\" height=\"538\" src=\"https:\/\/qsl.cat\/wp-content\/uploads\/2020\/11\/projecte-cc-carmel-1024x538.jpg\" alt=\"Centro C\u00edvico Carmel\" class=\"wp-image-672\" srcset=\"https:\/\/qsl.cat\/wp-content\/uploads\/2020\/11\/projecte-cc-carmel-1024x538.jpg 1024w, https:\/\/qsl.cat\/wp-content\/uploads\/2020\/11\/projecte-cc-carmel-300x158.jpg 300w, https:\/\/qsl.cat\/wp-content\/uploads\/2020\/11\/projecte-cc-carmel-768x403.jpg 768w, https:\/\/qsl.cat\/wp-content\/uploads\/2020\/11\/projecte-cc-carmel.jpg 1200w\" sizes=\"(max-width: 1024px) 100vw, 1024px\" \/><\/figure>\n\n\n<style>.wp-block-kadence-advancedheading.kt-adv-heading_55ac14-3d, .wp-block-kadence-advancedheading.kt-adv-heading_55ac14-3d[data-kb-block=\"kb-adv-heading_55ac14-3d\"]{font-style:normal;}.wp-block-kadence-advancedheading.kt-adv-heading_55ac14-3d mark.kt-highlight, .wp-block-kadence-advancedheading.kt-adv-heading_55ac14-3d[data-kb-block=\"kb-adv-heading_55ac14-3d\"] mark.kt-highlight{font-style:normal;color:#f76a0c;-webkit-box-decoration-break:clone;box-decoration-break:clone;padding-top:0px;padding-right:0px;padding-bottom:0px;padding-left:0px;}.wp-block-kadence-advancedheading.kt-adv-heading_55ac14-3d img.kb-inline-image, .wp-block-kadence-advancedheading.kt-adv-heading_55ac14-3d[data-kb-block=\"kb-adv-heading_55ac14-3d\"] img.kb-inline-image{width:150px;vertical-align:baseline;}<\/style>\n<h5 class=\"kt-adv-heading_55ac14-3d wp-block-kadence-advancedheading\" data-kb-block=\"kb-adv-heading_55ac14-3d\">Descripci\u00f3n<\/h5>\n\n\n\n<p>El Centro C\u00edvico Carmel es un equipamiento de proximidad del Distrito de Horta-Guinard\u00f3 que tiene los fines de promover la participaci\u00f3n social y cultural de las personas, grupos y entidades del barrio y contribuir al desarrollo cultural y solidario del barrio del Carmel.<\/p>\n\n\n<style>.wp-block-kadence-advancedheading.kt-adv-heading_b2a783-e3, .wp-block-kadence-advancedheading.kt-adv-heading_b2a783-e3[data-kb-block=\"kb-adv-heading_b2a783-e3\"]{font-style:normal;}.wp-block-kadence-advancedheading.kt-adv-heading_b2a783-e3 mark.kt-highlight, .wp-block-kadence-advancedheading.kt-adv-heading_b2a783-e3[data-kb-block=\"kb-adv-heading_b2a783-e3\"] mark.kt-highlight{font-style:normal;color:#f76a0c;-webkit-box-decoration-break:clone;box-decoration-break:clone;padding-top:0px;padding-right:0px;padding-bottom:0px;padding-left:0px;}.wp-block-kadence-advancedheading.kt-adv-heading_b2a783-e3 img.kb-inline-image, .wp-block-kadence-advancedheading.kt-adv-heading_b2a783-e3[data-kb-block=\"kb-adv-heading_b2a783-e3\"] img.kb-inline-image{width:150px;vertical-align:baseline;}<\/style>\n<h5 class=\"kt-adv-heading_b2a783-e3 wp-block-kadence-advancedheading\" data-kb-block=\"kb-adv-heading_b2a783-e3\">El Cel del Carmel<\/h5>\n\n\n\n<p>Ciclo emblem\u00e1tico del Centro C\u00edvico, dedicado al mundo del cine. Una semana de actividades y propuestas para descubrir de una manera l\u00fadica, festiva y divertida, todo lo que rodea el mundo del cine: maquillaje, vestuario, extras, producci\u00f3n, sonido, localizaciones &#8230; Los protagonistas de esta pel\u00edcula son los vecinos y las vecinas, las entidades, las asociaciones y grupos del barrio, as\u00ed como las personas que participan activamente durante todo el a\u00f1o de la vida del Centro C\u00edvico. Con el apoyo de artistas y profesionales, podr\u00e1n experimentar y conocer los secretos del cine, as\u00ed como expresar la creatividad que todos tenemos escondida.<\/p>\n\n\n<style>.wp-block-kadence-advancedheading.kt-adv-heading_d64476-c6, .wp-block-kadence-advancedheading.kt-adv-heading_d64476-c6[data-kb-block=\"kb-adv-heading_d64476-c6\"]{font-style:normal;}.wp-block-kadence-advancedheading.kt-adv-heading_d64476-c6 mark.kt-highlight, .wp-block-kadence-advancedheading.kt-adv-heading_d64476-c6[data-kb-block=\"kb-adv-heading_d64476-c6\"] mark.kt-highlight{font-style:normal;color:#f76a0c;-webkit-box-decoration-break:clone;box-decoration-break:clone;padding-top:0px;padding-right:0px;padding-bottom:0px;padding-left:0px;}.wp-block-kadence-advancedheading.kt-adv-heading_d64476-c6 img.kb-inline-image, .wp-block-kadence-advancedheading.kt-adv-heading_d64476-c6[data-kb-block=\"kb-adv-heading_d64476-c6\"] img.kb-inline-image{width:150px;vertical-align:baseline;}<\/style>\n<h5 class=\"kt-adv-heading_d64476-c6 wp-block-kadence-advancedheading\" data-kb-block=\"kb-adv-heading_d64476-c6\">Jazztast<\/h5>\n\n\n\n<p>Ciclo que quiere vincular una propuesta musical en la calle con la dinamizaci\u00f3n del tejido comercial del Alto Carmelo y, evidentemente, con el de nuestros vecinos de la parte alta del barrio del Coll. <\/p>\n\n\n\n<p>Promocionamos la m\u00fasica jazz acerc\u00e1ndola a la poblaci\u00f3n de una manera desenfadada, en varios formatos: <em>busca tapas musical<\/em>, concierto vermouth big band, baile de swing, <em>jazztast kids<\/em>, <em>jazztast friends<\/em>, etc<\/p>\n\n\n<style>.wp-block-kadence-advancedheading.kt-adv-heading_cae4ab-21, .wp-block-kadence-advancedheading.kt-adv-heading_cae4ab-21[data-kb-block=\"kb-adv-heading_cae4ab-21\"]{font-style:normal;}.wp-block-kadence-advancedheading.kt-adv-heading_cae4ab-21 mark.kt-highlight, .wp-block-kadence-advancedheading.kt-adv-heading_cae4ab-21[data-kb-block=\"kb-adv-heading_cae4ab-21\"] mark.kt-highlight{font-style:normal;color:#f76a0c;-webkit-box-decoration-break:clone;box-decoration-break:clone;padding-top:0px;padding-right:0px;padding-bottom:0px;padding-left:0px;}.wp-block-kadence-advancedheading.kt-adv-heading_cae4ab-21 img.kb-inline-image, .wp-block-kadence-advancedheading.kt-adv-heading_cae4ab-21[data-kb-block=\"kb-adv-heading_cae4ab-21\"] img.kb-inline-image{width:150px;vertical-align:baseline;}<\/style>\n<h5 class=\"kt-adv-heading_cae4ab-21 wp-block-kadence-advancedheading\" data-kb-block=\"kb-adv-heading_cae4ab-21\">Noche de cr\u00edmenes<\/h5>\n\n\n\n<p>Un juego de pistas donde invitamos al p\u00fablico a resolver un caso que transcurre en diferentes espacios del equipamiento, donde se van encontrando actores y actrices que lo escenifican (micro teatro). El p\u00fablico, los actores y actrices y el equipo del centro nos trasladamos a un entorno de fantas\u00eda para recrear una escena criminal que deber\u00e1 resolverse utilizando el ingenio y la intuici\u00f3n.<\/p>\n\n\n<style>.wp-block-kadence-advancedheading.kt-adv-heading_1a4fc4-91, .wp-block-kadence-advancedheading.kt-adv-heading_1a4fc4-91[data-kb-block=\"kb-adv-heading_1a4fc4-91\"]{font-style:normal;}.wp-block-kadence-advancedheading.kt-adv-heading_1a4fc4-91 mark.kt-highlight, .wp-block-kadence-advancedheading.kt-adv-heading_1a4fc4-91[data-kb-block=\"kb-adv-heading_1a4fc4-91\"] mark.kt-highlight{font-style:normal;color:#f76a0c;-webkit-box-decoration-break:clone;box-decoration-break:clone;padding-top:0px;padding-right:0px;padding-bottom:0px;padding-left:0px;}.wp-block-kadence-advancedheading.kt-adv-heading_1a4fc4-91 img.kb-inline-image, .wp-block-kadence-advancedheading.kt-adv-heading_1a4fc4-91[data-kb-block=\"kb-adv-heading_1a4fc4-91\"] img.kb-inline-image{width:150px;vertical-align:baseline;}<\/style>\n<h5 class=\"kt-adv-heading_1a4fc4-91 wp-block-kadence-advancedheading\" data-kb-block=\"kb-adv-heading_1a4fc4-91\">FOK. Fiesta Orgullo Karmel<\/h5>\n\n\n\n<p>Una semana de actividades e intervenciones por parte de equipamientos, asociaciones, entidades y personas a t\u00edtulo individual para dar visibilidad al colectivo LGTBI y para que el barrio del Carmel, pionero en el terreno social a lo largo de los a\u00f1os, sea tambi\u00e9n un referente en la lucha LGTBI. Organizado conjuntamente con el Espai Jove Boca Nord y la Biblioteca El Carmel &#8211; Juan Mars\u00e9.<\/p>\n\n\n<style>.wp-block-kadence-advancedheading.kt-adv-heading_96f769-95, .wp-block-kadence-advancedheading.kt-adv-heading_96f769-95[data-kb-block=\"kb-adv-heading_96f769-95\"]{font-style:normal;}.wp-block-kadence-advancedheading.kt-adv-heading_96f769-95 mark.kt-highlight, .wp-block-kadence-advancedheading.kt-adv-heading_96f769-95[data-kb-block=\"kb-adv-heading_96f769-95\"] mark.kt-highlight{font-style:normal;color:#f76a0c;-webkit-box-decoration-break:clone;box-decoration-break:clone;padding-top:0px;padding-right:0px;padding-bottom:0px;padding-left:0px;}.wp-block-kadence-advancedheading.kt-adv-heading_96f769-95 img.kb-inline-image, .wp-block-kadence-advancedheading.kt-adv-heading_96f769-95[data-kb-block=\"kb-adv-heading_96f769-95\"] img.kb-inline-image{width:150px;vertical-align:baseline;}<\/style>\n<h5 class=\"kt-adv-heading_96f769-95 wp-block-kadence-advancedheading\" data-kb-block=\"kb-adv-heading_96f769-95\">Batalla de la M\u00fasica<\/h5>\n\n\n\n<p>Definimos la batalla m\u00e1s que como un concierto, como un espect\u00e1culo musical, por su original puesta en escena: cuatro grupos de estilos muy diferentes, ubicados en distintos \u00e1ngulos de la plaza suenan de manera alternativa, el p\u00fablico dispuesto en medio, forma parte activa de la funci\u00f3n ya que tendr\u00e1 que mover la silla en direcci\u00f3n al grupo que suena.<\/p>\n<\/div><\/div>\n\n\n<style>.kadence-column_ffacc3-41 > .kt-inside-inner-col{border-top-width:0px;border-right-width:0px;border-bottom-width:0px;border-left-width:0px;}.kadence-column_ffacc3-41 > .kt-inside-inner-col,.kadence-column_ffacc3-41 > .kt-inside-inner-col:before{border-top-left-radius:0px;border-top-right-radius:0px;border-bottom-right-radius:0px;border-bottom-left-radius:0px;}.kadence-column_ffacc3-41 > .kt-inside-inner-col{column-gap:var(--global-kb-gap-sm, 1rem);}.kadence-column_ffacc3-41 > .kt-inside-inner-col{flex-direction:column;}.kadence-column_ffacc3-41 > .kt-inside-inner-col > .aligncenter{width:100%;}.kadence-column_ffacc3-41 > .kt-inside-inner-col:before{opacity:0.3;}.kadence-column_ffacc3-41{position:relative;}@media all and (max-width: 1024px){.kadence-column_ffacc3-41 > .kt-inside-inner-col{flex-direction:column;justify-content:center;}}@media all and (max-width: 767px){.kadence-column_ffacc3-41 > .kt-inside-inner-col{flex-direction:column;justify-content:center;}}<\/style>\n<div class=\"wp-block-kadence-column inner-column-2 kadence-column_ffacc3-41 sidebar\"><div class=\"kt-inside-inner-col\">\n<p class=\"titol--1\">\u00c1mbitos<\/p>\n\n\n<p class=\"titol--1\">Servicios<\/p>\n\n\n\n\n<p class=\"titol--2\">Para<\/p>\n\n\n\n<ul class=\"is-style-none links wp-block-list\" style=\"color:#088c8e\">\n<li><a href=\"https:\/\/ajuntament.barcelona.cat\/horta-guinardo\/ca\" target=\"_blank\" aria-label=\" (opens in a new tab)\" rel=\"noreferrer noopener\" class=\"ek-link\">Ajuntament de Barcelona. Districte Horta-Guinard\u00f3<\/a><\/li>\n<\/ul>\n\n\n\n<p class=\"titol--2\">M\u00e1s informaci\u00f3n<\/p>\n\n\n\n<ul class=\"is-style-none links wp-block-list\" style=\"color:#088c8e\">\n<li><a href=\"https:\/\/ajuntament.barcelona.cat\/ccivics\/carmel\" target=\"_blank\" aria-label=\"Centre C\u00edvic Carmel (opens in a new tab)\" rel=\"noreferrer noopener\" class=\"ek-link\">Centre C\u00edvic Carmel<\/a><\/li>\n<\/ul>\n\n\n<\/div><\/div>\n<\/div><\/div><\/div>\n","protected":false},"excerpt":{"rendered":"<p>El Centro C\u00edvico Carmel es un equipamiento de proximidad del Distrito de Horta-Guinard\u00f3 que tiene los fines de promover la participaci\u00f3n social y cultural de las personas, grupos y entidades del barrio y contribuir al desarrollo cultural y solidario del barrio del Carmel.<\/p>\n","protected":false},"author":5,"featured_media":1276,"comment_status":"closed","ping_status":"closed","sticky":false,"template":"","format":"standard","meta":{"_editorskit_title_hidden":false,"_editorskit_reading_time":2,"_editorskit_is_block_options_detached":false,"_editorskit_block_options_position":"{}","inline_featured_image":false,"_kad_blocks_custom_css":"","_kad_blocks_head_custom_js":"","_kad_blocks_body_custom_js":"","_kad_blocks_footer_custom_js":"","footnotes":""},"categories":[44,56,65,66,69,70,71],"tags":[83],"sp_smart_badges":[],"class_list":{"0":"post-1542","1":"post","2":"type-post","3":"status-publish","4":"format-standard","5":"has-post-thumbnail","6":"hentry","7":"category-proyecto","8":"category-servicio","9":"category-gestion-equipamientos","10":"category-gestion-equipamientos-destacado","11":"category-ambito","12":"category-cultura-es","13":"category-cultura-destacados","14":"tag-proyecto","16":"with-featured-image"},"taxonomy_info":{"category":[{"value":44,"label":"Proyecto"},{"value":56,"label":"Servicio"},{"value":65,"label":"Gesti\u00f3n de equipamientos"},{"value":66,"label":"Destacado"},{"value":69,"label":"\u00c1mbito"},{"value":70,"label":"Cultura"},{"value":71,"label":"Destacado"}],"post_tag":[{"value":83,"label":"Proyecto"}]},"featured_image_src_large":["https:\/\/qsl.cat\/wp-content\/uploads\/2020\/11\/projecte-cc-carmel-1024x538.jpg",905,475,true],"author_info":{"display_name":"editorxs","author_link":"https:\/\/qsl.cat\/es\/author\/editorxs\/"},"comment_info":0,"category_info":[{"term_id":44,"name":"Proyecto","slug":"proyecto","term_group":0,"term_taxonomy_id":44,"taxonomy":"category","description":"","parent":0,"count":67,"filter":"raw","term_order":"0","cat_ID":44,"category_count":67,"category_description":"","cat_name":"Proyecto","category_nicename":"proyecto","category_parent":0},{"term_id":56,"name":"Servicio","slug":"servicio","term_group":0,"term_taxonomy_id":56,"taxonomy":"category","description":"","parent":44,"count":64,"filter":"raw","term_order":"0","cat_ID":56,"category_count":64,"category_description":"","cat_name":"Servicio","category_nicename":"servicio","category_parent":44},{"term_id":65,"name":"Gesti\u00f3n de equipamientos","slug":"gestion-equipamientos","term_group":0,"term_taxonomy_id":65,"taxonomy":"category","description":"","parent":56,"count":15,"filter":"raw","term_order":"0","cat_ID":65,"category_count":15,"category_description":"","cat_name":"Gesti\u00f3n de equipamientos","category_nicename":"gestion-equipamientos","category_parent":56},{"term_id":66,"name":"Destacado","slug":"gestion-equipamientos-destacado","term_group":0,"term_taxonomy_id":66,"taxonomy":"category","description":"","parent":65,"count":8,"filter":"raw","term_order":"0","cat_ID":66,"category_count":8,"category_description":"","cat_name":"Destacado","category_nicename":"gestion-equipamientos-destacado","category_parent":65},{"term_id":69,"name":"\u00c1mbito","slug":"ambito","term_group":0,"term_taxonomy_id":69,"taxonomy":"category","description":"","parent":44,"count":65,"filter":"raw","term_order":"0","cat_ID":69,"category_count":65,"category_description":"","cat_name":"\u00c1mbito","category_nicename":"ambito","category_parent":44},{"term_id":70,"name":"Cultura","slug":"cultura-es","term_group":0,"term_taxonomy_id":70,"taxonomy":"category","description":"","parent":69,"count":15,"filter":"raw","term_order":"0","cat_ID":70,"category_count":15,"category_description":"","cat_name":"Cultura","category_nicename":"cultura-es","category_parent":69},{"term_id":71,"name":"Destacado","slug":"cultura-destacados","term_group":0,"term_taxonomy_id":71,"taxonomy":"category","description":"","parent":70,"count":7,"filter":"raw","term_order":"0","cat_ID":71,"category_count":7,"category_description":"","cat_name":"Destacado","category_nicename":"cultura-destacados","category_parent":70}],"tag_info":[{"term_id":83,"name":"Proyecto","slug":"proyecto","term_group":0,"term_taxonomy_id":83,"taxonomy":"post_tag","description":"","parent":0,"count":67,"filter":"raw","term_order":"0"}],"featured_image_src":"https:\/\/qsl.cat\/wp-content\/uploads\/2020\/11\/projecte-cc-carmel-600x400.jpg","featured_image_src_square":"https:\/\/qsl.cat\/wp-content\/uploads\/2020\/11\/projecte-cc-carmel-600x600.jpg","_links":{"self":[{"href":"https:\/\/qsl.cat\/es\/wp-json\/wp\/v2\/posts\/1542","targetHints":{"allow":["GET"]}}],"collection":[{"href":"https:\/\/qsl.cat\/es\/wp-json\/wp\/v2\/posts"}],"about":[{"href":"https:\/\/qsl.cat\/es\/wp-json\/wp\/v2\/types\/post"}],"author":[{"embeddable":true,"href":"https:\/\/qsl.cat\/es\/wp-json\/wp\/v2\/users\/5"}],"replies":[{"embeddable":true,"href":"https:\/\/qsl.cat\/es\/wp-json\/wp\/v2\/comments?post=1542"}],"version-history":[{"count":2,"href":"https:\/\/qsl.cat\/es\/wp-json\/wp\/v2\/posts\/1542\/revisions"}],"predecessor-version":[{"id":3567,"href":"https:\/\/qsl.cat\/es\/wp-json\/wp\/v2\/posts\/1542\/revisions\/3567"}],"wp:featuredmedia":[{"embeddable":true,"href":"https:\/\/qsl.cat\/es\/wp-json\/wp\/v2\/media\/1276"}],"wp:attachment":[{"href":"https:\/\/qsl.cat\/es\/wp-json\/wp\/v2\/media?parent=1542"}],"wp:term":[{"taxonomy":"category","embeddable":true,"href":"https:\/\/qsl.cat\/es\/wp-json\/wp\/v2\/categories?post=1542"},{"taxonomy":"post_tag","embeddable":true,"href":"https:\/\/qsl.cat\/es\/wp-json\/wp\/v2\/tags?post=1542"},{"taxonomy":"sp_smart_badges","embeddable":true,"href":"https:\/\/qsl.cat\/es\/wp-json\/wp\/v2\/sp_smart_badges?post=1542"}],"curies":[{"name":"wp","href":"https:\/\/api.w.org\/{rel}","templated":true}]}}